{"id":8344,"date":"2023-05-09T11:16:36","date_gmt":"2023-05-09T09:16:36","guid":{"rendered":"https:\/\/www.steinecker.at\/fashion\/?p=8344"},"modified":"2025-12-15T16:45:42","modified_gmt":"2025-12-15T15:45:42","slug":"salzburg","status":"publish","type":"post","link":"https:\/\/www.steinecker.at\/fashion\/salzburg\/","title":{"rendered":"Salzburg"},"content":{"rendered":"<h1>Steinecker Salzburg<\/h1>\n<p>Entdecken Sie bei Steinecker in Salzburg traumhafte Brautkleider, die jede Braut strahlen lassen, sowie stilvolle Hochzeitsanz\u00fcge f\u00fcr den modernen Br\u00e4utigam. Unsere Auswahl an Abendmode und Anlassmode vereint zeitlose Eleganz mit aktuellen Trends \u2013 perfekt f\u00fcr Gala, Hochzeit oder besondere Feiern. F\u00fcr junge Damen halten wir eine exquisite Auswahl an Ballmode, Deb\u00fctantinnenkleidern und Brautjungfernkleidern bereit \u2013 stilvoll, feminin und unvergesslich.<\/p>\n<p>Unsere handverlesene Kollektion an Eheringen und Verlobungsringen von Rauschmayer bietet eine Vielfalt an Designs \u2013 von klassisch bis modern, von zart bis ausdrucksstark.<\/p>\n<hr \/>\n<div class=\"row\"  id=\"row-958503572\">\n\n\t<div id=\"col-1263389265\" class=\"col medium-6 small-12 large-6\"  >\n\t\t\t\t<div class=\"col-inner\"  >\n\t\t\t\n\t\t\t\n<p><strong>Adresse<\/strong><br \/>Vogelweiderstra\u00dfe 44b<br \/>5020 Salzburg<\/p>\n<p style=\"text-align: left;\"><strong>Kontakt<\/strong><br \/>Tel.: <a href=\"tel:+43662879914\">0662 879914<\/a><br \/>Mail: salzburg@steinecker.at<\/p>\n<a href=\"https:\/\/g.co\/kgs\/ZCmHoib\" target=\"_blank\" class=\"button primary is-link\" rel=\"noopener\" >\n\t<i class=\"icon-map-pin-fill\" aria-hidden=\"true\"><\/i>\t<span>Anfahrtsplan Google<\/span>\n\t<\/a>\n\n\t\t<\/div>\n\t\t\t\t\t<\/div>\n\n\t\n\n\t<div id=\"col-153886730\" class=\"col medium-6 small-12 large-6\"  >\n\t\t\t\t<div class=\"col-inner\"  >\n\t\t\t\n\t\t\t\n<p style=\"text-align: left;\"><strong>\u00d6ffnungszeiten:<\/strong><br \/>Mo. \u2013 Fr.: 9:00 \u2013 18:00<br \/>Sa.: 9:00 \u2013 16:00<\/p>\n<p>8. Dezember geschlossen<br \/>24. Dezember geschlossen<br \/>31. Dezember geschlossen<br \/>Weihnachtssamstage: 09:00 &#8211; 17:00<\/p>\n\t\t<\/div>\n\t\t\t\t\t<\/div>\n\n\t\n<\/div>\n\n  \n    <div id=\"gallery-1243032998\" class=\"row large-columns-3 medium-columns- small-columns-2 row-xsmall row-masonry\" data-packery-options='{\"itemSelector\": \".col\", \"gutter\": 0, \"presentageWidth\" : true}'>\n\n  <div class=\"gallery-col col\" >\n          <div class=\"col-inner\">\n            <a class=\"image-lightbox lightbox-gallery\" href=\"https:\/\/www.steinecker.at\/fashion\/wp-content\/uploads\/2023\/05\/Salzburg-People-web.jpg\" title=\"\">            <div class=\"box has-hover gallery-box box-none\">\n              <div class=\"box-image image-cover\" style=\"padding-top:100%;\">\n                <img decoding=\"async\" width=\"800\" height=\"477\" src=\"https:\/\/www.steinecker.at\/fashion\/wp-content\/uploads\/2023\/05\/Salzburg-People-web-800x477.jpg\" class=\"attachment-medium size-medium\" alt=\"\" ids=\"9330,9334,9331,9329,9332,9333\" style=\"none\" type=\"masonry\" col_spacing=\"xsmall\" columns=\"3\" image_height=\"100%\" srcset=\"https:\/\/www.steinecker.at\/fashion\/wp-content\/uploads\/2023\/05\/Salzburg-People-web-800x477.jpg 800w, https:\/\/www.steinecker.at\/fashion\/wp-content\/uploads\/2023\/05\/Salzburg-People-web-768x458.jpg 768w, https:\/\/www.steinecker.at\/fashion\/wp-content\/uploads\/2023\/05\/Salzburg-People-web-600x358.jpg 600w, https:\/\/www.steinecker.at\/fashion\/wp-content\/uploads\/2023\/05\/Salzburg-People-web.jpg 1000w\" sizes=\"(max-width: 800px) 100vw, 800px\" \/>                                                              <\/div>\n              <div class=\"box-text text-left\" >\n                 <p><\/p>\n              <\/div>\n            <\/div>\n            <\/a>          <\/div>\n         <\/div><div class=\"gallery-col col\" >\n          <div class=\"col-inner\">\n            <a class=\"image-lightbox lightbox-gallery\" href=\"https:\/\/www.steinecker.at\/fashion\/wp-content\/uploads\/2023\/05\/Steinecker-Salzburg-Kabine-web.jpg\" title=\"\">            <div class=\"box has-hover gallery-box box-none\">\n              <div class=\"box-image image-cover\" style=\"padding-top:100%;\">\n                <img decoding=\"async\" width=\"800\" height=\"534\" src=\"https:\/\/www.steinecker.at\/fashion\/wp-content\/uploads\/2023\/05\/Steinecker-Salzburg-Kabine-web-800x534.jpg\" class=\"attachment-medium size-medium\" alt=\"\" ids=\"9330,9334,9331,9329,9332,9333\" style=\"none\" type=\"masonry\" col_spacing=\"xsmall\" columns=\"3\" image_height=\"100%\" srcset=\"https:\/\/www.steinecker.at\/fashion\/wp-content\/uploads\/2023\/05\/Steinecker-Salzburg-Kabine-web-800x534.jpg 800w, https:\/\/www.steinecker.at\/fashion\/wp-content\/uploads\/2023\/05\/Steinecker-Salzburg-Kabine-web-768x512.jpg 768w, https:\/\/www.steinecker.at\/fashion\/wp-content\/uploads\/2023\/05\/Steinecker-Salzburg-Kabine-web-600x400.jpg 600w, https:\/\/www.steinecker.at\/fashion\/wp-content\/uploads\/2023\/05\/Steinecker-Salzburg-Kabine-web.jpg 1000w\" sizes=\"(max-width: 800px) 100vw, 800px\" \/>                                                              <\/div>\n              <div class=\"box-text text-left\" >\n                 <p><\/p>\n              <\/div>\n            <\/div>\n            <\/a>          <\/div>\n         <\/div><div class=\"gallery-col col\" >\n          <div class=\"col-inner\">\n            <a class=\"image-lightbox lightbox-gallery\" href=\"https:\/\/www.steinecker.at\/fashion\/wp-content\/uploads\/2023\/05\/Salzburg-Sekt-web.jpg\" title=\"\">            <div class=\"box has-hover gallery-box box-none\">\n              <div class=\"box-image image-cover\" style=\"padding-top:100%;\">\n                <img decoding=\"async\" width=\"800\" height=\"522\" src=\"https:\/\/www.steinecker.at\/fashion\/wp-content\/uploads\/2023\/05\/Salzburg-Sekt-web-800x522.jpg\" class=\"attachment-medium size-medium\" alt=\"\" ids=\"9330,9334,9331,9329,9332,9333\" style=\"none\" type=\"masonry\" col_spacing=\"xsmall\" columns=\"3\" image_height=\"100%\" srcset=\"https:\/\/www.steinecker.at\/fashion\/wp-content\/uploads\/2023\/05\/Salzburg-Sekt-web-800x522.jpg 800w, https:\/\/www.steinecker.at\/fashion\/wp-content\/uploads\/2023\/05\/Salzburg-Sekt-web-768x502.jpg 768w, https:\/\/www.steinecker.at\/fashion\/wp-content\/uploads\/2023\/05\/Salzburg-Sekt-web-600x392.jpg 600w, https:\/\/www.steinecker.at\/fashion\/wp-content\/uploads\/2023\/05\/Salzburg-Sekt-web.jpg 1000w\" sizes=\"(max-width: 800px) 100vw, 800px\" \/>                                                              <\/div>\n              <div class=\"box-text text-left\" >\n                 <p><\/p>\n              <\/div>\n            <\/div>\n            <\/a>          <\/div>\n         <\/div><div class=\"gallery-col col\" >\n          <div class=\"col-inner\">\n            <a class=\"image-lightbox lightbox-gallery\" href=\"https:\/\/www.steinecker.at\/fashion\/wp-content\/uploads\/2023\/05\/Steinecker-Salzburg-Hochzeitsanzug.jpg\" title=\"\">            <div class=\"box has-hover gallery-box box-none\">\n              <div class=\"box-image image-cover\" style=\"padding-top:100%;\">\n                <img decoding=\"async\" width=\"800\" height=\"483\" src=\"https:\/\/www.steinecker.at\/fashion\/wp-content\/uploads\/2023\/05\/Steinecker-Salzburg-Hochzeitsanzug-800x483.jpg\" class=\"attachment-medium size-medium\" alt=\"\" ids=\"9330,9334,9331,9329,9332,9333\" style=\"none\" type=\"masonry\" col_spacing=\"xsmall\" columns=\"3\" image_height=\"100%\" srcset=\"https:\/\/www.steinecker.at\/fashion\/wp-content\/uploads\/2023\/05\/Steinecker-Salzburg-Hochzeitsanzug-800x483.jpg 800w, https:\/\/www.steinecker.at\/fashion\/wp-content\/uploads\/2023\/05\/Steinecker-Salzburg-Hochzeitsanzug-768x464.jpg 768w, https:\/\/www.steinecker.at\/fashion\/wp-content\/uploads\/2023\/05\/Steinecker-Salzburg-Hochzeitsanzug-600x362.jpg 600w, https:\/\/www.steinecker.at\/fashion\/wp-content\/uploads\/2023\/05\/Steinecker-Salzburg-Hochzeitsanzug.jpg 1000w\" sizes=\"(max-width: 800px) 100vw, 800px\" \/>                                                              <\/div>\n              <div class=\"box-text text-left\" >\n                 <p><\/p>\n              <\/div>\n            <\/div>\n            <\/a>          <\/div>\n         <\/div><div class=\"gallery-col col\" >\n          <div class=\"col-inner\">\n            <a class=\"image-lightbox lightbox-gallery\" href=\"https:\/\/www.steinecker.at\/fashion\/wp-content\/uploads\/2023\/05\/steinecker-salzburg-bar-1024x683-1.jpg\" title=\"\">            <div class=\"box has-hover gallery-box box-none\">\n              <div class=\"box-image image-cover\" style=\"padding-top:100%;\">\n                <img decoding=\"async\" width=\"800\" height=\"534\" src=\"https:\/\/www.steinecker.at\/fashion\/wp-content\/uploads\/2023\/05\/steinecker-salzburg-bar-1024x683-1-800x534.jpg\" class=\"attachment-medium size-medium\" alt=\"\" ids=\"9330,9334,9331,9329,9332,9333\" style=\"none\" type=\"masonry\" col_spacing=\"xsmall\" columns=\"3\" image_height=\"100%\" srcset=\"https:\/\/www.steinecker.at\/fashion\/wp-content\/uploads\/2023\/05\/steinecker-salzburg-bar-1024x683-1-800x534.jpg 800w, https:\/\/www.steinecker.at\/fashion\/wp-content\/uploads\/2023\/05\/steinecker-salzburg-bar-1024x683-1-768x512.jpg 768w, https:\/\/www.steinecker.at\/fashion\/wp-content\/uploads\/2023\/05\/steinecker-salzburg-bar-1024x683-1-600x400.jpg 600w, https:\/\/www.steinecker.at\/fashion\/wp-content\/uploads\/2023\/05\/steinecker-salzburg-bar-1024x683-1.jpg 1024w\" sizes=\"(max-width: 800px) 100vw, 800px\" \/>                                                              <\/div>\n              <div class=\"box-text text-left\" >\n                 <p><\/p>\n              <\/div>\n            <\/div>\n            <\/a>          <\/div>\n         <\/div><div class=\"gallery-col col\" >\n          <div class=\"col-inner\">\n            <a class=\"image-lightbox lightbox-gallery\" href=\"https:\/\/www.steinecker.at\/fashion\/wp-content\/uploads\/2023\/05\/Steinecker-Salzburg-Kabine-2-1024x683-1.jpg\" title=\"\">            <div class=\"box has-hover gallery-box box-none\">\n              <div class=\"box-image image-cover\" style=\"padding-top:100%;\">\n                <img decoding=\"async\" width=\"800\" height=\"534\" src=\"https:\/\/www.steinecker.at\/fashion\/wp-content\/uploads\/2023\/05\/Steinecker-Salzburg-Kabine-2-1024x683-1-800x534.jpg\" class=\"attachment-medium size-medium\" alt=\"\" ids=\"9330,9334,9331,9329,9332,9333\" style=\"none\" type=\"masonry\" col_spacing=\"xsmall\" columns=\"3\" image_height=\"100%\" srcset=\"https:\/\/www.steinecker.at\/fashion\/wp-content\/uploads\/2023\/05\/Steinecker-Salzburg-Kabine-2-1024x683-1-800x534.jpg 800w, https:\/\/www.steinecker.at\/fashion\/wp-content\/uploads\/2023\/05\/Steinecker-Salzburg-Kabine-2-1024x683-1-768x512.jpg 768w, https:\/\/www.steinecker.at\/fashion\/wp-content\/uploads\/2023\/05\/Steinecker-Salzburg-Kabine-2-1024x683-1-600x400.jpg 600w, https:\/\/www.steinecker.at\/fashion\/wp-content\/uploads\/2023\/05\/Steinecker-Salzburg-Kabine-2-1024x683-1.jpg 1024w\" sizes=\"(max-width: 800px) 100vw, 800px\" \/>                                                              <\/div>\n              <div class=\"box-text text-left\" >\n                 <p><\/p>\n              <\/div>\n            <\/div>\n            <\/a>          <\/div>\n         <\/div><\/div>\n","protected":false},"excerpt":{"rendered":"<p>Steinecker Salzburg Entdecken Sie bei Steinecker in Salzburg traumhafte Brautkleider, die jede Braut strahlen lassen, sowie stilvolle Hochzeitsanz\u00fcge f\u00fcr den modernen Br\u00e4utigam. Unsere Auswahl an Abendmode und Anlassmode vereint zeitlose Eleganz mit aktuellen Trends \u2013 perfekt f\u00fcr Gala, Hochzeit oder besondere Feiern. F\u00fcr junge Damen halten wir eine exquisite Auswahl an Ballmode, Deb\u00fctantinnenkleidern und Brautjungfernkleidern [&#8230;]\n","protected":false},"author":1,"featured_media":8345,"comment_status":"closed","ping_status":"closed","sticky":false,"template":"","format":"standard","meta":{"footnotes":""},"categories":[25],"tags":[],"class_list":["post-8344","post","type-post","status-publish","format-standard","has-post-thumbnail","hentry","category-fashion-filialen-steinecker"],"yoast_head":"<!-- This site is optimized with the Yoast SEO plugin v27.3 - https:\/\/yoast.com\/product\/yoast-seo-wordpress\/ -->\n<title>Salzburg - Steinecker Fashion - Markenmode - Abendmode<\/title>\n<meta name=\"description\" content=\"Brautkleider, Hochzeitanz\u00fcge, Deb\u00fctantinnenkleider, Abendkleider, Brautjungfernkleider &amp; Brautmutter Outfits. Eigene Hausschneiderei.\" \/>\n<meta name=\"robots\" content=\"index, follow, max-snippet:-1, max-image-preview:large, max-video-preview:-1\" \/>\n<link rel=\"canonical\" href=\"https:\/\/www.steinecker.at\/fashion\/salzburg\/\" \/>\n<meta property=\"og:locale\" content=\"de_DE\" \/>\n<meta property=\"og:type\" content=\"article\" \/>\n<meta property=\"og:title\" content=\"Salzburg - Steinecker Fashion - Markenmode - Abendmode\" \/>\n<meta property=\"og:description\" content=\"Brautkleider, Hochzeitanz\u00fcge, Deb\u00fctantinnenkleider, Abendkleider, Brautjungfernkleider &amp; Brautmutter Outfits. Eigene Hausschneiderei.\" \/>\n<meta property=\"og:url\" content=\"https:\/\/www.steinecker.at\/fashion\/salzburg\/\" \/>\n<meta property=\"og:site_name\" content=\"Steinecker Fashion - Markenmode - Abendmode\" \/>\n<meta property=\"article:publisher\" content=\"https:\/\/www.facebook.com\/steinecker.fashion\" \/>\n<meta property=\"article:published_time\" content=\"2023-05-09T09:16:36+00:00\" \/>\n<meta property=\"article:modified_time\" content=\"2025-12-15T15:45:42+00:00\" \/>\n<meta property=\"og:image\" content=\"https:\/\/www.steinecker.at\/fashion\/wp-content\/uploads\/2023\/07\/steinecker-salzburg-aussen-2019.jpg\" \/>\n\t<meta property=\"og:image:width\" content=\"1500\" \/>\n\t<meta property=\"og:image:height\" content=\"872\" \/>\n\t<meta property=\"og:image:type\" content=\"image\/jpeg\" \/>\n<meta name=\"author\" content=\"Frankie\" \/>\n<meta name=\"twitter:card\" content=\"summary_large_image\" \/>\n<meta name=\"twitter:label1\" content=\"Verfasst von\" \/>\n\t<meta name=\"twitter:data1\" content=\"Frankie\" \/>\n\t<meta name=\"twitter:label2\" content=\"Gesch\u00e4tzte Lesezeit\" \/>\n\t<meta name=\"twitter:data2\" content=\"1\u00a0Minute\" \/>\n<script type=\"application\/ld+json\" class=\"yoast-schema-graph\">{\"@context\":\"https:\\\/\\\/schema.org\",\"@graph\":[{\"@type\":\"Article\",\"@id\":\"https:\\\/\\\/www.steinecker.at\\\/fashion\\\/salzburg\\\/#article\",\"isPartOf\":{\"@id\":\"https:\\\/\\\/www.steinecker.at\\\/fashion\\\/salzburg\\\/\"},\"author\":{\"name\":\"Frankie\",\"@id\":\"https:\\\/\\\/www.steinecker.at\\\/fashion\\\/#\\\/schema\\\/person\\\/40be98c9ba5df4fdb78c7f5e6015f8d3\"},\"headline\":\"Salzburg\",\"datePublished\":\"2023-05-09T09:16:36+00:00\",\"dateModified\":\"2025-12-15T15:45:42+00:00\",\"mainEntityOfPage\":{\"@id\":\"https:\\\/\\\/www.steinecker.at\\\/fashion\\\/salzburg\\\/\"},\"wordCount\":154,\"image\":{\"@id\":\"https:\\\/\\\/www.steinecker.at\\\/fashion\\\/salzburg\\\/#primaryimage\"},\"thumbnailUrl\":\"https:\\\/\\\/www.steinecker.at\\\/fashion\\\/wp-content\\\/uploads\\\/2023\\\/07\\\/steinecker-salzburg-aussen-2019.jpg\",\"articleSection\":[\"Fashion Filialen\"],\"inLanguage\":\"de\"},{\"@type\":\"WebPage\",\"@id\":\"https:\\\/\\\/www.steinecker.at\\\/fashion\\\/salzburg\\\/\",\"url\":\"https:\\\/\\\/www.steinecker.at\\\/fashion\\\/salzburg\\\/\",\"name\":\"Salzburg - Steinecker Fashion - Markenmode - Abendmode\",\"isPartOf\":{\"@id\":\"https:\\\/\\\/www.steinecker.at\\\/fashion\\\/#website\"},\"primaryImageOfPage\":{\"@id\":\"https:\\\/\\\/www.steinecker.at\\\/fashion\\\/salzburg\\\/#primaryimage\"},\"image\":{\"@id\":\"https:\\\/\\\/www.steinecker.at\\\/fashion\\\/salzburg\\\/#primaryimage\"},\"thumbnailUrl\":\"https:\\\/\\\/www.steinecker.at\\\/fashion\\\/wp-content\\\/uploads\\\/2023\\\/07\\\/steinecker-salzburg-aussen-2019.jpg\",\"datePublished\":\"2023-05-09T09:16:36+00:00\",\"dateModified\":\"2025-12-15T15:45:42+00:00\",\"author\":{\"@id\":\"https:\\\/\\\/www.steinecker.at\\\/fashion\\\/#\\\/schema\\\/person\\\/40be98c9ba5df4fdb78c7f5e6015f8d3\"},\"description\":\"Brautkleider, Hochzeitanz\u00fcge, Deb\u00fctantinnenkleider, Abendkleider, Brautjungfernkleider & Brautmutter Outfits. Eigene Hausschneiderei.\",\"breadcrumb\":{\"@id\":\"https:\\\/\\\/www.steinecker.at\\\/fashion\\\/salzburg\\\/#breadcrumb\"},\"inLanguage\":\"de\",\"potentialAction\":[{\"@type\":\"ReadAction\",\"target\":[\"https:\\\/\\\/www.steinecker.at\\\/fashion\\\/salzburg\\\/\"]}]},{\"@type\":\"ImageObject\",\"inLanguage\":\"de\",\"@id\":\"https:\\\/\\\/www.steinecker.at\\\/fashion\\\/salzburg\\\/#primaryimage\",\"url\":\"https:\\\/\\\/www.steinecker.at\\\/fashion\\\/wp-content\\\/uploads\\\/2023\\\/07\\\/steinecker-salzburg-aussen-2019.jpg\",\"contentUrl\":\"https:\\\/\\\/www.steinecker.at\\\/fashion\\\/wp-content\\\/uploads\\\/2023\\\/07\\\/steinecker-salzburg-aussen-2019.jpg\",\"width\":1500,\"height\":872},{\"@type\":\"BreadcrumbList\",\"@id\":\"https:\\\/\\\/www.steinecker.at\\\/fashion\\\/salzburg\\\/#breadcrumb\",\"itemListElement\":[{\"@type\":\"ListItem\",\"position\":1,\"name\":\"Startseite\",\"item\":\"https:\\\/\\\/www.steinecker.at\\\/fashion\\\/\"},{\"@type\":\"ListItem\",\"position\":2,\"name\":\"Salzburg\"}]},{\"@type\":\"WebSite\",\"@id\":\"https:\\\/\\\/www.steinecker.at\\\/fashion\\\/#website\",\"url\":\"https:\\\/\\\/www.steinecker.at\\\/fashion\\\/\",\"name\":\"Steinecker Fashion - Markenmode - Abendmode\",\"description\":\"Markenmode und die sch\u00f6nsten Abendmode Trends f\u00fcr SIE und IHN\",\"potentialAction\":[{\"@type\":\"SearchAction\",\"target\":{\"@type\":\"EntryPoint\",\"urlTemplate\":\"https:\\\/\\\/www.steinecker.at\\\/fashion\\\/?s={search_term_string}\"},\"query-input\":{\"@type\":\"PropertyValueSpecification\",\"valueRequired\":true,\"valueName\":\"search_term_string\"}}],\"inLanguage\":\"de\"},{\"@type\":\"Person\",\"@id\":\"https:\\\/\\\/www.steinecker.at\\\/fashion\\\/#\\\/schema\\\/person\\\/40be98c9ba5df4fdb78c7f5e6015f8d3\",\"name\":\"Frankie\"}]}<\/script>\n<!-- \/ Yoast SEO plugin. -->","yoast_head_json":{"title":"Salzburg - Steinecker Fashion - Markenmode - Abendmode","description":"Brautkleider, Hochzeitanz\u00fcge, Deb\u00fctantinnenkleider, Abendkleider, Brautjungfernkleider & Brautmutter Outfits. Eigene Hausschneiderei.","robots":{"index":"index","follow":"follow","max-snippet":"max-snippet:-1","max-image-preview":"max-image-preview:large","max-video-preview":"max-video-preview:-1"},"canonical":"https:\/\/www.steinecker.at\/fashion\/salzburg\/","og_locale":"de_DE","og_type":"article","og_title":"Salzburg - Steinecker Fashion - Markenmode - Abendmode","og_description":"Brautkleider, Hochzeitanz\u00fcge, Deb\u00fctantinnenkleider, Abendkleider, Brautjungfernkleider & Brautmutter Outfits. Eigene Hausschneiderei.","og_url":"https:\/\/www.steinecker.at\/fashion\/salzburg\/","og_site_name":"Steinecker Fashion - Markenmode - Abendmode","article_publisher":"https:\/\/www.facebook.com\/steinecker.fashion","article_published_time":"2023-05-09T09:16:36+00:00","article_modified_time":"2025-12-15T15:45:42+00:00","og_image":[{"width":1500,"height":872,"url":"https:\/\/www.steinecker.at\/fashion\/wp-content\/uploads\/2023\/07\/steinecker-salzburg-aussen-2019.jpg","type":"image\/jpeg"}],"author":"Frankie","twitter_card":"summary_large_image","twitter_misc":{"Verfasst von":"Frankie","Gesch\u00e4tzte Lesezeit":"1\u00a0Minute"},"schema":{"@context":"https:\/\/schema.org","@graph":[{"@type":"Article","@id":"https:\/\/www.steinecker.at\/fashion\/salzburg\/#article","isPartOf":{"@id":"https:\/\/www.steinecker.at\/fashion\/salzburg\/"},"author":{"name":"Frankie","@id":"https:\/\/www.steinecker.at\/fashion\/#\/schema\/person\/40be98c9ba5df4fdb78c7f5e6015f8d3"},"headline":"Salzburg","datePublished":"2023-05-09T09:16:36+00:00","dateModified":"2025-12-15T15:45:42+00:00","mainEntityOfPage":{"@id":"https:\/\/www.steinecker.at\/fashion\/salzburg\/"},"wordCount":154,"image":{"@id":"https:\/\/www.steinecker.at\/fashion\/salzburg\/#primaryimage"},"thumbnailUrl":"https:\/\/www.steinecker.at\/fashion\/wp-content\/uploads\/2023\/07\/steinecker-salzburg-aussen-2019.jpg","articleSection":["Fashion Filialen"],"inLanguage":"de"},{"@type":"WebPage","@id":"https:\/\/www.steinecker.at\/fashion\/salzburg\/","url":"https:\/\/www.steinecker.at\/fashion\/salzburg\/","name":"Salzburg - Steinecker Fashion - Markenmode - Abendmode","isPartOf":{"@id":"https:\/\/www.steinecker.at\/fashion\/#website"},"primaryImageOfPage":{"@id":"https:\/\/www.steinecker.at\/fashion\/salzburg\/#primaryimage"},"image":{"@id":"https:\/\/www.steinecker.at\/fashion\/salzburg\/#primaryimage"},"thumbnailUrl":"https:\/\/www.steinecker.at\/fashion\/wp-content\/uploads\/2023\/07\/steinecker-salzburg-aussen-2019.jpg","datePublished":"2023-05-09T09:16:36+00:00","dateModified":"2025-12-15T15:45:42+00:00","author":{"@id":"https:\/\/www.steinecker.at\/fashion\/#\/schema\/person\/40be98c9ba5df4fdb78c7f5e6015f8d3"},"description":"Brautkleider, Hochzeitanz\u00fcge, Deb\u00fctantinnenkleider, Abendkleider, Brautjungfernkleider & Brautmutter Outfits. Eigene Hausschneiderei.","breadcrumb":{"@id":"https:\/\/www.steinecker.at\/fashion\/salzburg\/#breadcrumb"},"inLanguage":"de","potentialAction":[{"@type":"ReadAction","target":["https:\/\/www.steinecker.at\/fashion\/salzburg\/"]}]},{"@type":"ImageObject","inLanguage":"de","@id":"https:\/\/www.steinecker.at\/fashion\/salzburg\/#primaryimage","url":"https:\/\/www.steinecker.at\/fashion\/wp-content\/uploads\/2023\/07\/steinecker-salzburg-aussen-2019.jpg","contentUrl":"https:\/\/www.steinecker.at\/fashion\/wp-content\/uploads\/2023\/07\/steinecker-salzburg-aussen-2019.jpg","width":1500,"height":872},{"@type":"BreadcrumbList","@id":"https:\/\/www.steinecker.at\/fashion\/salzburg\/#breadcrumb","itemListElement":[{"@type":"ListItem","position":1,"name":"Startseite","item":"https:\/\/www.steinecker.at\/fashion\/"},{"@type":"ListItem","position":2,"name":"Salzburg"}]},{"@type":"WebSite","@id":"https:\/\/www.steinecker.at\/fashion\/#website","url":"https:\/\/www.steinecker.at\/fashion\/","name":"Steinecker Fashion - Markenmode - Abendmode","description":"Markenmode und die sch\u00f6nsten Abendmode Trends f\u00fcr SIE und IHN","potentialAction":[{"@type":"SearchAction","target":{"@type":"EntryPoint","urlTemplate":"https:\/\/www.steinecker.at\/fashion\/?s={search_term_string}"},"query-input":{"@type":"PropertyValueSpecification","valueRequired":true,"valueName":"search_term_string"}}],"inLanguage":"de"},{"@type":"Person","@id":"https:\/\/www.steinecker.at\/fashion\/#\/schema\/person\/40be98c9ba5df4fdb78c7f5e6015f8d3","name":"Frankie"}]}},"_links":{"self":[{"href":"https:\/\/www.steinecker.at\/fashion\/wp-json\/wp\/v2\/posts\/8344","targetHints":{"allow":["GET"]}}],"collection":[{"href":"https:\/\/www.steinecker.at\/fashion\/wp-json\/wp\/v2\/posts"}],"about":[{"href":"https:\/\/www.steinecker.at\/fashion\/wp-json\/wp\/v2\/types\/post"}],"author":[{"embeddable":true,"href":"https:\/\/www.steinecker.at\/fashion\/wp-json\/wp\/v2\/users\/1"}],"replies":[{"embeddable":true,"href":"https:\/\/www.steinecker.at\/fashion\/wp-json\/wp\/v2\/comments?post=8344"}],"version-history":[{"count":13,"href":"https:\/\/www.steinecker.at\/fashion\/wp-json\/wp\/v2\/posts\/8344\/revisions"}],"predecessor-version":[{"id":9874,"href":"https:\/\/www.steinecker.at\/fashion\/wp-json\/wp\/v2\/posts\/8344\/revisions\/9874"}],"wp:featuredmedia":[{"embeddable":true,"href":"https:\/\/www.steinecker.at\/fashion\/wp-json\/wp\/v2\/media\/8345"}],"wp:attachment":[{"href":"https:\/\/www.steinecker.at\/fashion\/wp-json\/wp\/v2\/media?parent=8344"}],"wp:term":[{"taxonomy":"category","embeddable":true,"href":"https:\/\/www.steinecker.at\/fashion\/wp-json\/wp\/v2\/categories?post=8344"},{"taxonomy":"post_tag","embeddable":true,"href":"https:\/\/www.steinecker.at\/fashion\/wp-json\/wp\/v2\/tags?post=8344"}],"curies":[{"name":"wp","href":"https:\/\/api.w.org\/{rel}","templated":true}]}}