{"id":3518,"date":"2026-01-08T07:25:02","date_gmt":"2026-01-08T06:25:02","guid":{"rendered":"http:\/\/steinecker.at\/fashion\/?p=3518"},"modified":"2026-02-24T14:25:40","modified_gmt":"2026-02-24T13:25:40","slug":"zwettl","status":"publish","type":"post","link":"https:\/\/www.steinecker.at\/fashion\/zwettl\/","title":{"rendered":"Zwettl"},"content":{"rendered":"<h1>Steinecker Zwettl<\/h1>\n<p>Willkommen bei <strong>Steinecker Zwettl<\/strong>, Ihrem <strong>Modehaus mit Stil, Qualit\u00e4t und Pers\u00f6nlichkeit<\/strong> \u2013 direkt am <strong>Hauptplatz im Herzen von Zwettl<\/strong>. Auf <strong>zwei Etagen<\/strong> erwartet Sie ein modernes Einkaufserlebnis mit aktueller <strong>Damenmode und Herrenmode<\/strong> f\u00fcr jeden Geschmack.<\/p>\n<p>Entdecken Sie bei uns die neuesten <strong>Mode-Trends<\/strong>, hochwertige Materialien und zeitlose Klassiker \u2013 von eleganten Business-Looks bis hin zu l\u00e4ssiger Freizeitmode. Ob f\u00fcr Alltag, Beruf oder besondere Anl\u00e4sse \u2013 bei Steinecker Zwettl finden Sie Ihr neues Lieblingsoutfit.<\/p>\n<p>Unser engagiertes Team ber\u00e4t Sie mit Leidenschaft, Gesp\u00fcr f\u00fcr Stil und einem Auge f\u00fcrs Detail. Genie\u00dfen Sie Mode in entspannter Atmosph\u00e4re und lassen Sie sich inspirieren.<\/p>\n<div class=\"row\"  id=\"row-219911930\">\n\n\t<div id=\"col-490005076\" class=\"col medium-6 small-12 large-6\"  >\n\t\t\t\t<div class=\"col-inner\"  >\n\t\t\t\n\t\t\t\n<p><strong>Adresse:<\/strong><br \/>\nDreifaltigkeitspl. 2<br \/>\n3910 Zwettl<\/p>\n<p>Tel.: <a href=\"tel:+43282257042\">02822 57042<\/a><\/p>\n<a href=\"https:\/\/g.co\/kgs\/CMCgqki\" target=\"_blank\" class=\"button primary is-link\" rel=\"noopener\" >\n\t<i class=\"icon-map-pin-fill\" aria-hidden=\"true\"><\/i>\t<span>Anfahrtsplan Google<\/span>\n\t<\/a>\n\n\t\t<\/div>\n\t\t\t\t\t<\/div>\n\n\t\n\n\t<div id=\"col-1491410495\" class=\"col medium-6 small-12 large-6\"  >\n\t\t\t\t<div class=\"col-inner\"  >\n\t\t\t\n\t\t\t\n<p><strong>\u00d6ffnungszeiten:<\/strong><br \/>\nMO &#8211; FR: 08:30 &#8211; 18:00<br \/>\nSA: 08:30 &#8211; 17:00<\/p>\n<p>8. Dezember: 10:00 &#8211; 17:00<br \/>\n24. Dezember bis 12:00 ge\u00f6ffnet<br \/>\n31. Dezember bis 13:00 ge\u00f6ffnet<\/p>\n<p>Weihnachtssamstage: 08:30 &#8211; 17:00<\/p>\n\t\t<\/div>\n\t\t\t\t\t<\/div>\n\n\t\n<\/div>\n\n\t<section class=\"section\" id=\"section_114391636\">\n\t\t<div class=\"section-bg fill\" >\n\t\t\t\t\t\t\t\t\t\n\t\t\t\n\t<div class=\"is-border\"\n\t\tstyle=\"border-color:rgb(235, 235, 235);border-width:1px 1px 1px 1px;margin:0px 0px 30px 0px;\">\n\t<\/div>\n\n\t\t<\/div>\n\n\t\t\n\n\t\t<div class=\"section-content relative\">\n\t\t\t\n<h3>DAMEN MARKENMODE bei Steinecker in Zwettl<\/h3>\n<div>BRAX &#8211; BIANCA &#8211; MAC &#8211; MARC O\u00b4POLO &#8211; MONARI &#8211; BETTY&amp;CO &#8211; RAPHAELA BRAX \u2013 TAMARIS &#8211; MORE&amp;MORE &#8211; OPUS &#8211; RABE &#8211; STREET ONE &#8211; COMMA &#8211; BETTY BARCLAY &#8211; MILANO &#8211; FUCHS SCHMITT &#8211; BARBARA LEBEK &#8211; BARTS<\/div>\n<div>\u00a0<\/div>\n<div>\u00a0<\/div>\n<h3>HERREN MARKENMODE bei Steinecker in Zwettl<\/h3>\n<div>BENVENUTO &#8211; BRAX &#8211; CALAMAR &#8211; DANIEL HECHTER &#8211; DIGEL &#8211; EUREX &#8211; JACKE&amp;JONES &#8211; BARTS &#8211; BLUE INDUSTRY &#8211; DIGEL SCHUHE &#8211; TOMMY HILFIGER &#8211; MILESTONE &#8211; OLYMP &#8211; RAGMAN &#8211; ROY ROBSON &#8211; SELECTED &#8211; CINQUE &#8211; FYNCH HATTON &#8211; MARC O`POLO &#8211; OLYMP UNDERWEAR &#8211; PEPE JEANS<\/div>\n<div>\u00a0<\/div>\n\t\t<\/div>\n\n\t\t\n<style>\n#section_114391636 {\n  padding-top: 30px;\n  padding-bottom: 30px;\n}\n<\/style>\n\t<\/section>\n\t\n<div id='gallery-1' class='gallery galleryid-3518 gallery-columns-5 gallery-size-thumbnail'><figure class='gallery-item'>\n\t\t\t<div class='gallery-icon portrait'>\n\t\t\t\t<a href='https:\/\/www.steinecker.at\/fashion\/wp-content\/uploads\/2025\/04\/Steinecker-Zwettl-016.jpg'><img decoding=\"async\" width=\"250\" height=\"250\" src=\"https:\/\/www.steinecker.at\/fashion\/wp-content\/uploads\/2025\/04\/Steinecker-Zwettl-016-250x250.jpg\" class=\"attachment-thumbnail size-thumbnail\" alt=\"\" srcset=\"https:\/\/www.steinecker.at\/fashion\/wp-content\/uploads\/2025\/04\/Steinecker-Zwettl-016-250x250.jpg 250w, https:\/\/www.steinecker.at\/fashion\/wp-content\/uploads\/2025\/04\/Steinecker-Zwettl-016-300x300.jpg 300w, https:\/\/www.steinecker.at\/fashion\/wp-content\/uploads\/2025\/04\/Steinecker-Zwettl-016-100x100.jpg 100w\" sizes=\"(max-width: 250px) 100vw, 250px\" \/><\/a>\n\t\t\t<\/div><\/figure><figure class='gallery-item'>\n\t\t\t<div class='gallery-icon landscape'>\n\t\t\t\t<a href='https:\/\/www.steinecker.at\/fashion\/wp-content\/uploads\/2023\/05\/Steinecker-Zwettl-2025-HW-027.webp'><img decoding=\"async\" width=\"250\" height=\"250\" src=\"https:\/\/www.steinecker.at\/fashion\/wp-content\/uploads\/2023\/05\/Steinecker-Zwettl-2025-HW-027-250x250.webp\" class=\"attachment-thumbnail size-thumbnail\" alt=\"\" srcset=\"https:\/\/www.steinecker.at\/fashion\/wp-content\/uploads\/2023\/05\/Steinecker-Zwettl-2025-HW-027-250x250.webp 250w, https:\/\/www.steinecker.at\/fashion\/wp-content\/uploads\/2023\/05\/Steinecker-Zwettl-2025-HW-027-300x300.webp 300w, https:\/\/www.steinecker.at\/fashion\/wp-content\/uploads\/2023\/05\/Steinecker-Zwettl-2025-HW-027-100x100.webp 100w\" sizes=\"(max-width: 250px) 100vw, 250px\" \/><\/a>\n\t\t\t<\/div><\/figure><figure class='gallery-item'>\n\t\t\t<div class='gallery-icon landscape'>\n\t\t\t\t<a href='https:\/\/www.steinecker.at\/fashion\/wp-content\/uploads\/2023\/05\/Steinecker-Zwettl-2025-HW-020.webp'><img decoding=\"async\" width=\"250\" height=\"250\" src=\"https:\/\/www.steinecker.at\/fashion\/wp-content\/uploads\/2023\/05\/Steinecker-Zwettl-2025-HW-020-250x250.webp\" class=\"attachment-thumbnail size-thumbnail\" alt=\"\" srcset=\"https:\/\/www.steinecker.at\/fashion\/wp-content\/uploads\/2023\/05\/Steinecker-Zwettl-2025-HW-020-250x250.webp 250w, https:\/\/www.steinecker.at\/fashion\/wp-content\/uploads\/2023\/05\/Steinecker-Zwettl-2025-HW-020-300x300.webp 300w, https:\/\/www.steinecker.at\/fashion\/wp-content\/uploads\/2023\/05\/Steinecker-Zwettl-2025-HW-020-100x100.webp 100w\" sizes=\"(max-width: 250px) 100vw, 250px\" \/><\/a>\n\t\t\t<\/div><\/figure><figure class='gallery-item'>\n\t\t\t<div class='gallery-icon portrait'>\n\t\t\t\t<a href='https:\/\/www.steinecker.at\/fashion\/wp-content\/uploads\/2023\/05\/Steinecker-Zwettl-2025-HW-041.webp'><img decoding=\"async\" width=\"250\" height=\"250\" src=\"https:\/\/www.steinecker.at\/fashion\/wp-content\/uploads\/2023\/05\/Steinecker-Zwettl-2025-HW-041-250x250.webp\" class=\"attachment-thumbnail size-thumbnail\" alt=\"\" srcset=\"https:\/\/www.steinecker.at\/fashion\/wp-content\/uploads\/2023\/05\/Steinecker-Zwettl-2025-HW-041-250x250.webp 250w, https:\/\/www.steinecker.at\/fashion\/wp-content\/uploads\/2023\/05\/Steinecker-Zwettl-2025-HW-041-300x300.webp 300w, https:\/\/www.steinecker.at\/fashion\/wp-content\/uploads\/2023\/05\/Steinecker-Zwettl-2025-HW-041-100x100.webp 100w\" sizes=\"(max-width: 250px) 100vw, 250px\" \/><\/a>\n\t\t\t<\/div><\/figure><figure class='gallery-item'>\n\t\t\t<div class='gallery-icon landscape'>\n\t\t\t\t<a href='https:\/\/www.steinecker.at\/fashion\/wp-content\/uploads\/2023\/05\/Steinecker-Zwettl-2025-HW-022.webp'><img decoding=\"async\" width=\"250\" height=\"250\" src=\"https:\/\/www.steinecker.at\/fashion\/wp-content\/uploads\/2023\/05\/Steinecker-Zwettl-2025-HW-022-250x250.webp\" class=\"attachment-thumbnail size-thumbnail\" alt=\"\" srcset=\"https:\/\/www.steinecker.at\/fashion\/wp-content\/uploads\/2023\/05\/Steinecker-Zwettl-2025-HW-022-250x250.webp 250w, https:\/\/www.steinecker.at\/fashion\/wp-content\/uploads\/2023\/05\/Steinecker-Zwettl-2025-HW-022-300x300.webp 300w, https:\/\/www.steinecker.at\/fashion\/wp-content\/uploads\/2023\/05\/Steinecker-Zwettl-2025-HW-022-100x100.webp 100w\" sizes=\"(max-width: 250px) 100vw, 250px\" \/><\/a>\n\t\t\t<\/div><\/figure><figure class='gallery-item'>\n\t\t\t<div class='gallery-icon portrait'>\n\t\t\t\t<a href='https:\/\/www.steinecker.at\/fashion\/wp-content\/uploads\/2023\/05\/Steinecker-Zwettl-2025-HW-043.webp'><img decoding=\"async\" width=\"250\" height=\"250\" src=\"https:\/\/www.steinecker.at\/fashion\/wp-content\/uploads\/2023\/05\/Steinecker-Zwettl-2025-HW-043-250x250.webp\" class=\"attachment-thumbnail size-thumbnail\" alt=\"\" srcset=\"https:\/\/www.steinecker.at\/fashion\/wp-content\/uploads\/2023\/05\/Steinecker-Zwettl-2025-HW-043-250x250.webp 250w, https:\/\/www.steinecker.at\/fashion\/wp-content\/uploads\/2023\/05\/Steinecker-Zwettl-2025-HW-043-300x300.webp 300w, https:\/\/www.steinecker.at\/fashion\/wp-content\/uploads\/2023\/05\/Steinecker-Zwettl-2025-HW-043-100x100.webp 100w\" sizes=\"(max-width: 250px) 100vw, 250px\" \/><\/a>\n\t\t\t<\/div><\/figure><figure class='gallery-item'>\n\t\t\t<div class='gallery-icon portrait'>\n\t\t\t\t<a href='https:\/\/www.steinecker.at\/fashion\/wp-content\/uploads\/2023\/05\/Steinecker-Zwettl-2025-HW-044.webp'><img decoding=\"async\" width=\"250\" height=\"250\" src=\"https:\/\/www.steinecker.at\/fashion\/wp-content\/uploads\/2023\/05\/Steinecker-Zwettl-2025-HW-044-250x250.webp\" class=\"attachment-thumbnail size-thumbnail\" alt=\"\" srcset=\"https:\/\/www.steinecker.at\/fashion\/wp-content\/uploads\/2023\/05\/Steinecker-Zwettl-2025-HW-044-250x250.webp 250w, https:\/\/www.steinecker.at\/fashion\/wp-content\/uploads\/2023\/05\/Steinecker-Zwettl-2025-HW-044-300x300.webp 300w, https:\/\/www.steinecker.at\/fashion\/wp-content\/uploads\/2023\/05\/Steinecker-Zwettl-2025-HW-044-100x100.webp 100w\" sizes=\"(max-width: 250px) 100vw, 250px\" \/><\/a>\n\t\t\t<\/div><\/figure><figure class='gallery-item'>\n\t\t\t<div class='gallery-icon portrait'>\n\t\t\t\t<a href='https:\/\/www.steinecker.at\/fashion\/wp-content\/uploads\/2023\/05\/Steinecker-Zwettl-2025-HW-047.webp'><img decoding=\"async\" width=\"250\" height=\"250\" src=\"https:\/\/www.steinecker.at\/fashion\/wp-content\/uploads\/2023\/05\/Steinecker-Zwettl-2025-HW-047-250x250.webp\" class=\"attachment-thumbnail size-thumbnail\" alt=\"\" srcset=\"https:\/\/www.steinecker.at\/fashion\/wp-content\/uploads\/2023\/05\/Steinecker-Zwettl-2025-HW-047-250x250.webp 250w, https:\/\/www.steinecker.at\/fashion\/wp-content\/uploads\/2023\/05\/Steinecker-Zwettl-2025-HW-047-300x300.webp 300w, https:\/\/www.steinecker.at\/fashion\/wp-content\/uploads\/2023\/05\/Steinecker-Zwettl-2025-HW-047-100x100.webp 100w\" sizes=\"(max-width: 250px) 100vw, 250px\" \/><\/a>\n\t\t\t<\/div><\/figure><figure class='gallery-item'>\n\t\t\t<div class='gallery-icon portrait'>\n\t\t\t\t<a href='https:\/\/www.steinecker.at\/fashion\/wp-content\/uploads\/2023\/05\/Steinecker-Zwettl-2025-HW-048.webp'><img decoding=\"async\" width=\"250\" height=\"250\" src=\"https:\/\/www.steinecker.at\/fashion\/wp-content\/uploads\/2023\/05\/Steinecker-Zwettl-2025-HW-048-250x250.webp\" class=\"attachment-thumbnail size-thumbnail\" alt=\"\" srcset=\"https:\/\/www.steinecker.at\/fashion\/wp-content\/uploads\/2023\/05\/Steinecker-Zwettl-2025-HW-048-250x250.webp 250w, https:\/\/www.steinecker.at\/fashion\/wp-content\/uploads\/2023\/05\/Steinecker-Zwettl-2025-HW-048-300x300.webp 300w, https:\/\/www.steinecker.at\/fashion\/wp-content\/uploads\/2023\/05\/Steinecker-Zwettl-2025-HW-048-100x100.webp 100w\" sizes=\"(max-width: 250px) 100vw, 250px\" \/><\/a>\n\t\t\t<\/div><\/figure><figure class='gallery-item'>\n\t\t\t<div class='gallery-icon landscape'>\n\t\t\t\t<a href='https:\/\/www.steinecker.at\/fashion\/wp-content\/uploads\/2023\/05\/Steinecker-Zwettl-2025-HW-006.webp'><img decoding=\"async\" width=\"250\" height=\"250\" src=\"https:\/\/www.steinecker.at\/fashion\/wp-content\/uploads\/2023\/05\/Steinecker-Zwettl-2025-HW-006-250x250.webp\" class=\"attachment-thumbnail size-thumbnail\" alt=\"\" srcset=\"https:\/\/www.steinecker.at\/fashion\/wp-content\/uploads\/2023\/05\/Steinecker-Zwettl-2025-HW-006-250x250.webp 250w, https:\/\/www.steinecker.at\/fashion\/wp-content\/uploads\/2023\/05\/Steinecker-Zwettl-2025-HW-006-300x300.webp 300w, https:\/\/www.steinecker.at\/fashion\/wp-content\/uploads\/2023\/05\/Steinecker-Zwettl-2025-HW-006-100x100.webp 100w\" sizes=\"(max-width: 250px) 100vw, 250px\" \/><\/a>\n\t\t\t<\/div><\/figure><figure class='gallery-item'>\n\t\t\t<div class='gallery-icon landscape'>\n\t\t\t\t<a href='https:\/\/www.steinecker.at\/fashion\/wp-content\/uploads\/2023\/05\/Steinecker-Zwettl-2025-HW-007.webp'><img decoding=\"async\" width=\"250\" height=\"250\" src=\"https:\/\/www.steinecker.at\/fashion\/wp-content\/uploads\/2023\/05\/Steinecker-Zwettl-2025-HW-007-250x250.webp\" class=\"attachment-thumbnail size-thumbnail\" alt=\"\" srcset=\"https:\/\/www.steinecker.at\/fashion\/wp-content\/uploads\/2023\/05\/Steinecker-Zwettl-2025-HW-007-250x250.webp 250w, https:\/\/www.steinecker.at\/fashion\/wp-content\/uploads\/2023\/05\/Steinecker-Zwettl-2025-HW-007-300x300.webp 300w, https:\/\/www.steinecker.at\/fashion\/wp-content\/uploads\/2023\/05\/Steinecker-Zwettl-2025-HW-007-100x100.webp 100w\" sizes=\"(max-width: 250px) 100vw, 250px\" \/><\/a>\n\t\t\t<\/div><\/figure><figure class='gallery-item'>\n\t\t\t<div class='gallery-icon landscape'>\n\t\t\t\t<a href='https:\/\/www.steinecker.at\/fashion\/wp-content\/uploads\/2023\/05\/Steinecker-Zwettl-2025-HW-008.webp'><img decoding=\"async\" width=\"250\" height=\"250\" src=\"https:\/\/www.steinecker.at\/fashion\/wp-content\/uploads\/2023\/05\/Steinecker-Zwettl-2025-HW-008-250x250.webp\" class=\"attachment-thumbnail size-thumbnail\" alt=\"\" srcset=\"https:\/\/www.steinecker.at\/fashion\/wp-content\/uploads\/2023\/05\/Steinecker-Zwettl-2025-HW-008-250x250.webp 250w, https:\/\/www.steinecker.at\/fashion\/wp-content\/uploads\/2023\/05\/Steinecker-Zwettl-2025-HW-008-300x300.webp 300w, https:\/\/www.steinecker.at\/fashion\/wp-content\/uploads\/2023\/05\/Steinecker-Zwettl-2025-HW-008-100x100.webp 100w\" sizes=\"(max-width: 250px) 100vw, 250px\" \/><\/a>\n\t\t\t<\/div><\/figure><figure class='gallery-item'>\n\t\t\t<div class='gallery-icon portrait'>\n\t\t\t\t<a href='https:\/\/www.steinecker.at\/fashion\/wp-content\/uploads\/2023\/05\/Steinecker-Zwettl-2025-HW-009.webp'><img decoding=\"async\" width=\"250\" height=\"250\" src=\"https:\/\/www.steinecker.at\/fashion\/wp-content\/uploads\/2023\/05\/Steinecker-Zwettl-2025-HW-009-250x250.webp\" class=\"attachment-thumbnail size-thumbnail\" alt=\"\" srcset=\"https:\/\/www.steinecker.at\/fashion\/wp-content\/uploads\/2023\/05\/Steinecker-Zwettl-2025-HW-009-250x250.webp 250w, https:\/\/www.steinecker.at\/fashion\/wp-content\/uploads\/2023\/05\/Steinecker-Zwettl-2025-HW-009-300x300.webp 300w, https:\/\/www.steinecker.at\/fashion\/wp-content\/uploads\/2023\/05\/Steinecker-Zwettl-2025-HW-009-100x100.webp 100w\" sizes=\"(max-width: 250px) 100vw, 250px\" \/><\/a>\n\t\t\t<\/div><\/figure><figure class='gallery-item'>\n\t\t\t<div class='gallery-icon portrait'>\n\t\t\t\t<a href='https:\/\/www.steinecker.at\/fashion\/wp-content\/uploads\/2023\/05\/Steinecker-Zwettl-2025-HW-010.webp'><img decoding=\"async\" width=\"250\" height=\"250\" src=\"https:\/\/www.steinecker.at\/fashion\/wp-content\/uploads\/2023\/05\/Steinecker-Zwettl-2025-HW-010-250x250.webp\" class=\"attachment-thumbnail size-thumbnail\" alt=\"\" srcset=\"https:\/\/www.steinecker.at\/fashion\/wp-content\/uploads\/2023\/05\/Steinecker-Zwettl-2025-HW-010-250x250.webp 250w, https:\/\/www.steinecker.at\/fashion\/wp-content\/uploads\/2023\/05\/Steinecker-Zwettl-2025-HW-010-300x300.webp 300w, https:\/\/www.steinecker.at\/fashion\/wp-content\/uploads\/2023\/05\/Steinecker-Zwettl-2025-HW-010-100x100.webp 100w\" sizes=\"(max-width: 250px) 100vw, 250px\" \/><\/a>\n\t\t\t<\/div><\/figure><figure class='gallery-item'>\n\t\t\t<div class='gallery-icon portrait'>\n\t\t\t\t<a href='https:\/\/www.steinecker.at\/fashion\/wp-content\/uploads\/2023\/05\/Steinecker-Zwettl-2025-HW-012.webp'><img decoding=\"async\" width=\"250\" height=\"250\" src=\"https:\/\/www.steinecker.at\/fashion\/wp-content\/uploads\/2023\/05\/Steinecker-Zwettl-2025-HW-012-250x250.webp\" class=\"attachment-thumbnail size-thumbnail\" alt=\"\" srcset=\"https:\/\/www.steinecker.at\/fashion\/wp-content\/uploads\/2023\/05\/Steinecker-Zwettl-2025-HW-012-250x250.webp 250w, https:\/\/www.steinecker.at\/fashion\/wp-content\/uploads\/2023\/05\/Steinecker-Zwettl-2025-HW-012-300x300.webp 300w, https:\/\/www.steinecker.at\/fashion\/wp-content\/uploads\/2023\/05\/Steinecker-Zwettl-2025-HW-012-100x100.webp 100w\" sizes=\"(max-width: 250px) 100vw, 250px\" \/><\/a>\n\t\t\t<\/div><\/figure><figure class='gallery-item'>\n\t\t\t<div class='gallery-icon portrait'>\n\t\t\t\t<a href='https:\/\/www.steinecker.at\/fashion\/wp-content\/uploads\/2023\/05\/Steinecker-Zwettl-2025-HW-013.webp'><img decoding=\"async\" width=\"250\" height=\"250\" src=\"https:\/\/www.steinecker.at\/fashion\/wp-content\/uploads\/2023\/05\/Steinecker-Zwettl-2025-HW-013-250x250.webp\" class=\"attachment-thumbnail size-thumbnail\" alt=\"\" srcset=\"https:\/\/www.steinecker.at\/fashion\/wp-content\/uploads\/2023\/05\/Steinecker-Zwettl-2025-HW-013-250x250.webp 250w, https:\/\/www.steinecker.at\/fashion\/wp-content\/uploads\/2023\/05\/Steinecker-Zwettl-2025-HW-013-300x300.webp 300w, https:\/\/www.steinecker.at\/fashion\/wp-content\/uploads\/2023\/05\/Steinecker-Zwettl-2025-HW-013-100x100.webp 100w\" sizes=\"(max-width: 250px) 100vw, 250px\" \/><\/a>\n\t\t\t<\/div><\/figure><figure class='gallery-item'>\n\t\t\t<div class='gallery-icon portrait'>\n\t\t\t\t<a href='https:\/\/www.steinecker.at\/fashion\/wp-content\/uploads\/2023\/05\/Steinecker-Zwettl-2025-HW-050.webp'><img decoding=\"async\" width=\"250\" height=\"250\" src=\"https:\/\/www.steinecker.at\/fashion\/wp-content\/uploads\/2023\/05\/Steinecker-Zwettl-2025-HW-050-250x250.webp\" class=\"attachment-thumbnail size-thumbnail\" alt=\"\" srcset=\"https:\/\/www.steinecker.at\/fashion\/wp-content\/uploads\/2023\/05\/Steinecker-Zwettl-2025-HW-050-250x250.webp 250w, https:\/\/www.steinecker.at\/fashion\/wp-content\/uploads\/2023\/05\/Steinecker-Zwettl-2025-HW-050-300x300.webp 300w, https:\/\/www.steinecker.at\/fashion\/wp-content\/uploads\/2023\/05\/Steinecker-Zwettl-2025-HW-050-100x100.webp 100w\" sizes=\"(max-width: 250px) 100vw, 250px\" \/><\/a>\n\t\t\t<\/div><\/figure><figure class='gallery-item'>\n\t\t\t<div class='gallery-icon portrait'>\n\t\t\t\t<a href='https:\/\/www.steinecker.at\/fashion\/wp-content\/uploads\/2023\/05\/Steinecker-Zwettl-2025-HW-014.webp'><img decoding=\"async\" width=\"250\" height=\"250\" src=\"https:\/\/www.steinecker.at\/fashion\/wp-content\/uploads\/2023\/05\/Steinecker-Zwettl-2025-HW-014-250x250.webp\" class=\"attachment-thumbnail size-thumbnail\" alt=\"\" srcset=\"https:\/\/www.steinecker.at\/fashion\/wp-content\/uploads\/2023\/05\/Steinecker-Zwettl-2025-HW-014-250x250.webp 250w, https:\/\/www.steinecker.at\/fashion\/wp-content\/uploads\/2023\/05\/Steinecker-Zwettl-2025-HW-014-300x300.webp 300w, https:\/\/www.steinecker.at\/fashion\/wp-content\/uploads\/2023\/05\/Steinecker-Zwettl-2025-HW-014-100x100.webp 100w\" sizes=\"(max-width: 250px) 100vw, 250px\" \/><\/a>\n\t\t\t<\/div><\/figure><figure class='gallery-item'>\n\t\t\t<div class='gallery-icon portrait'>\n\t\t\t\t<a href='https:\/\/www.steinecker.at\/fashion\/wp-content\/uploads\/2023\/05\/Steinecker-Zwettl-2025-HW-018.webp'><img decoding=\"async\" width=\"250\" height=\"250\" src=\"https:\/\/www.steinecker.at\/fashion\/wp-content\/uploads\/2023\/05\/Steinecker-Zwettl-2025-HW-018-250x250.webp\" class=\"attachment-thumbnail size-thumbnail\" alt=\"\" srcset=\"https:\/\/www.steinecker.at\/fashion\/wp-content\/uploads\/2023\/05\/Steinecker-Zwettl-2025-HW-018-250x250.webp 250w, https:\/\/www.steinecker.at\/fashion\/wp-content\/uploads\/2023\/05\/Steinecker-Zwettl-2025-HW-018-300x300.webp 300w, https:\/\/www.steinecker.at\/fashion\/wp-content\/uploads\/2023\/05\/Steinecker-Zwettl-2025-HW-018-100x100.webp 100w\" sizes=\"(max-width: 250px) 100vw, 250px\" \/><\/a>\n\t\t\t<\/div><\/figure><figure class='gallery-item'>\n\t\t\t<div class='gallery-icon portrait'>\n\t\t\t\t<a href='https:\/\/www.steinecker.at\/fashion\/wp-content\/uploads\/2023\/05\/Steinecker-Zwettl-2025-HW-023.webp'><img decoding=\"async\" width=\"250\" height=\"250\" src=\"https:\/\/www.steinecker.at\/fashion\/wp-content\/uploads\/2023\/05\/Steinecker-Zwettl-2025-HW-023-250x250.webp\" class=\"attachment-thumbnail size-thumbnail\" alt=\"\" srcset=\"https:\/\/www.steinecker.at\/fashion\/wp-content\/uploads\/2023\/05\/Steinecker-Zwettl-2025-HW-023-250x250.webp 250w, https:\/\/www.steinecker.at\/fashion\/wp-content\/uploads\/2023\/05\/Steinecker-Zwettl-2025-HW-023-300x300.webp 300w, https:\/\/www.steinecker.at\/fashion\/wp-content\/uploads\/2023\/05\/Steinecker-Zwettl-2025-HW-023-100x100.webp 100w\" sizes=\"(max-width: 250px) 100vw, 250px\" \/><\/a>\n\t\t\t<\/div><\/figure><figure class='gallery-item'>\n\t\t\t<div class='gallery-icon portrait'>\n\t\t\t\t<a href='https:\/\/www.steinecker.at\/fashion\/wp-content\/uploads\/2023\/05\/Steinecker-Zwettl-2025-HW-024.webp'><img decoding=\"async\" width=\"250\" height=\"250\" src=\"https:\/\/www.steinecker.at\/fashion\/wp-content\/uploads\/2023\/05\/Steinecker-Zwettl-2025-HW-024-250x250.webp\" class=\"attachment-thumbnail size-thumbnail\" alt=\"\" srcset=\"https:\/\/www.steinecker.at\/fashion\/wp-content\/uploads\/2023\/05\/Steinecker-Zwettl-2025-HW-024-250x250.webp 250w, https:\/\/www.steinecker.at\/fashion\/wp-content\/uploads\/2023\/05\/Steinecker-Zwettl-2025-HW-024-300x300.webp 300w, https:\/\/www.steinecker.at\/fashion\/wp-content\/uploads\/2023\/05\/Steinecker-Zwettl-2025-HW-024-100x100.webp 100w\" sizes=\"(max-width: 250px) 100vw, 250px\" \/><\/a>\n\t\t\t<\/div><\/figure><figure class='gallery-item'>\n\t\t\t<div class='gallery-icon portrait'>\n\t\t\t\t<a href='https:\/\/www.steinecker.at\/fashion\/wp-content\/uploads\/2023\/05\/Steinecker-Zwettl-2025-HW-025.webp'><img decoding=\"async\" width=\"250\" height=\"250\" src=\"https:\/\/www.steinecker.at\/fashion\/wp-content\/uploads\/2023\/05\/Steinecker-Zwettl-2025-HW-025-250x250.webp\" class=\"attachment-thumbnail size-thumbnail\" alt=\"\" srcset=\"https:\/\/www.steinecker.at\/fashion\/wp-content\/uploads\/2023\/05\/Steinecker-Zwettl-2025-HW-025-250x250.webp 250w, https:\/\/www.steinecker.at\/fashion\/wp-content\/uploads\/2023\/05\/Steinecker-Zwettl-2025-HW-025-300x300.webp 300w, https:\/\/www.steinecker.at\/fashion\/wp-content\/uploads\/2023\/05\/Steinecker-Zwettl-2025-HW-025-100x100.webp 100w\" sizes=\"(max-width: 250px) 100vw, 250px\" \/><\/a>\n\t\t\t<\/div><\/figure><figure class='gallery-item'>\n\t\t\t<div class='gallery-icon portrait'>\n\t\t\t\t<a href='https:\/\/www.steinecker.at\/fashion\/wp-content\/uploads\/2023\/05\/Steinecker-Zwettl-2025-HW-026.webp'><img decoding=\"async\" width=\"250\" height=\"250\" src=\"https:\/\/www.steinecker.at\/fashion\/wp-content\/uploads\/2023\/05\/Steinecker-Zwettl-2025-HW-026-250x250.webp\" class=\"attachment-thumbnail size-thumbnail\" alt=\"\" srcset=\"https:\/\/www.steinecker.at\/fashion\/wp-content\/uploads\/2023\/05\/Steinecker-Zwettl-2025-HW-026-250x250.webp 250w, https:\/\/www.steinecker.at\/fashion\/wp-content\/uploads\/2023\/05\/Steinecker-Zwettl-2025-HW-026-300x300.webp 300w, https:\/\/www.steinecker.at\/fashion\/wp-content\/uploads\/2023\/05\/Steinecker-Zwettl-2025-HW-026-100x100.webp 100w\" sizes=\"(max-width: 250px) 100vw, 250px\" \/><\/a>\n\t\t\t<\/div><\/figure><figure class='gallery-item'>\n\t\t\t<div class='gallery-icon portrait'>\n\t\t\t\t<a href='https:\/\/www.steinecker.at\/fashion\/wp-content\/uploads\/2023\/05\/Steinecker-Zwettl-2025-HW-030.webp'><img decoding=\"async\" width=\"250\" height=\"250\" src=\"https:\/\/www.steinecker.at\/fashion\/wp-content\/uploads\/2023\/05\/Steinecker-Zwettl-2025-HW-030-250x250.webp\" class=\"attachment-thumbnail size-thumbnail\" alt=\"\" srcset=\"https:\/\/www.steinecker.at\/fashion\/wp-content\/uploads\/2023\/05\/Steinecker-Zwettl-2025-HW-030-250x250.webp 250w, https:\/\/www.steinecker.at\/fashion\/wp-content\/uploads\/2023\/05\/Steinecker-Zwettl-2025-HW-030-300x300.webp 300w, https:\/\/www.steinecker.at\/fashion\/wp-content\/uploads\/2023\/05\/Steinecker-Zwettl-2025-HW-030-100x100.webp 100w\" sizes=\"(max-width: 250px) 100vw, 250px\" \/><\/a>\n\t\t\t<\/div><\/figure><figure class='gallery-item'>\n\t\t\t<div class='gallery-icon portrait'>\n\t\t\t\t<a href='https:\/\/www.steinecker.at\/fashion\/wp-content\/uploads\/2023\/05\/Steinecker-Zwettl-2025-HW-031.webp'><img decoding=\"async\" width=\"250\" height=\"250\" src=\"https:\/\/www.steinecker.at\/fashion\/wp-content\/uploads\/2023\/05\/Steinecker-Zwettl-2025-HW-031-250x250.webp\" class=\"attachment-thumbnail size-thumbnail\" alt=\"\" srcset=\"https:\/\/www.steinecker.at\/fashion\/wp-content\/uploads\/2023\/05\/Steinecker-Zwettl-2025-HW-031-250x250.webp 250w, https:\/\/www.steinecker.at\/fashion\/wp-content\/uploads\/2023\/05\/Steinecker-Zwettl-2025-HW-031-300x300.webp 300w, https:\/\/www.steinecker.at\/fashion\/wp-content\/uploads\/2023\/05\/Steinecker-Zwettl-2025-HW-031-100x100.webp 100w\" sizes=\"(max-width: 250px) 100vw, 250px\" \/><\/a>\n\t\t\t<\/div><\/figure><figure class='gallery-item'>\n\t\t\t<div class='gallery-icon portrait'>\n\t\t\t\t<a href='https:\/\/www.steinecker.at\/fashion\/wp-content\/uploads\/2023\/05\/Steinecker-Zwettl-2025-HW-033.webp'><img decoding=\"async\" width=\"250\" height=\"250\" src=\"https:\/\/www.steinecker.at\/fashion\/wp-content\/uploads\/2023\/05\/Steinecker-Zwettl-2025-HW-033-250x250.webp\" class=\"attachment-thumbnail size-thumbnail\" alt=\"\" srcset=\"https:\/\/www.steinecker.at\/fashion\/wp-content\/uploads\/2023\/05\/Steinecker-Zwettl-2025-HW-033-250x250.webp 250w, https:\/\/www.steinecker.at\/fashion\/wp-content\/uploads\/2023\/05\/Steinecker-Zwettl-2025-HW-033-300x300.webp 300w, https:\/\/www.steinecker.at\/fashion\/wp-content\/uploads\/2023\/05\/Steinecker-Zwettl-2025-HW-033-100x100.webp 100w\" sizes=\"(max-width: 250px) 100vw, 250px\" \/><\/a>\n\t\t\t<\/div><\/figure><figure class='gallery-item'>\n\t\t\t<div class='gallery-icon portrait'>\n\t\t\t\t<a href='https:\/\/www.steinecker.at\/fashion\/wp-content\/uploads\/2023\/05\/Steinecker-Zwettl-2025-HW-037.webp'><img decoding=\"async\" width=\"250\" height=\"250\" src=\"https:\/\/www.steinecker.at\/fashion\/wp-content\/uploads\/2023\/05\/Steinecker-Zwettl-2025-HW-037-250x250.webp\" class=\"attachment-thumbnail size-thumbnail\" alt=\"\" srcset=\"https:\/\/www.steinecker.at\/fashion\/wp-content\/uploads\/2023\/05\/Steinecker-Zwettl-2025-HW-037-250x250.webp 250w, https:\/\/www.steinecker.at\/fashion\/wp-content\/uploads\/2023\/05\/Steinecker-Zwettl-2025-HW-037-300x300.webp 300w, https:\/\/www.steinecker.at\/fashion\/wp-content\/uploads\/2023\/05\/Steinecker-Zwettl-2025-HW-037-100x100.webp 100w\" sizes=\"(max-width: 250px) 100vw, 250px\" \/><\/a>\n\t\t\t<\/div><\/figure><figure class='gallery-item'>\n\t\t\t<div class='gallery-icon portrait'>\n\t\t\t\t<a href='https:\/\/www.steinecker.at\/fashion\/wp-content\/uploads\/2023\/05\/Steinecker-Zwettl-2025-HW-040.webp'><img decoding=\"async\" width=\"250\" height=\"250\" src=\"https:\/\/www.steinecker.at\/fashion\/wp-content\/uploads\/2023\/05\/Steinecker-Zwettl-2025-HW-040-250x250.webp\" class=\"attachment-thumbnail size-thumbnail\" alt=\"\" srcset=\"https:\/\/www.steinecker.at\/fashion\/wp-content\/uploads\/2023\/05\/Steinecker-Zwettl-2025-HW-040-250x250.webp 250w, https:\/\/www.steinecker.at\/fashion\/wp-content\/uploads\/2023\/05\/Steinecker-Zwettl-2025-HW-040-300x300.webp 300w, https:\/\/www.steinecker.at\/fashion\/wp-content\/uploads\/2023\/05\/Steinecker-Zwettl-2025-HW-040-100x100.webp 100w\" sizes=\"(max-width: 250px) 100vw, 250px\" \/><\/a>\n\t\t\t<\/div><\/figure><figure class='gallery-item'>\n\t\t\t<div class='gallery-icon portrait'>\n\t\t\t\t<a href='https:\/\/www.steinecker.at\/fashion\/wp-content\/uploads\/2025\/04\/Steinecker-Zwettl-006.jpg'><img decoding=\"async\" width=\"250\" height=\"250\" src=\"https:\/\/www.steinecker.at\/fashion\/wp-content\/uploads\/2025\/04\/Steinecker-Zwettl-006-250x250.jpg\" class=\"attachment-thumbnail size-thumbnail\" alt=\"\" srcset=\"https:\/\/www.steinecker.at\/fashion\/wp-content\/uploads\/2025\/04\/Steinecker-Zwettl-006-250x250.jpg 250w, https:\/\/www.steinecker.at\/fashion\/wp-content\/uploads\/2025\/04\/Steinecker-Zwettl-006-300x300.jpg 300w, https:\/\/www.steinecker.at\/fashion\/wp-content\/uploads\/2025\/04\/Steinecker-Zwettl-006-100x100.jpg 100w\" sizes=\"(max-width: 250px) 100vw, 250px\" \/><\/a>\n\t\t\t<\/div><\/figure>\n\t\t<\/div>\n\n","protected":false},"excerpt":{"rendered":"<p>Steinecker Zwettl Willkommen bei Steinecker Zwettl, Ihrem Modehaus mit Stil, Qualit\u00e4t und Pers\u00f6nlichkeit \u2013 direkt am Hauptplatz im Herzen von Zwettl. Auf zwei Etagen erwartet Sie ein modernes Einkaufserlebnis mit aktueller Damenmode und Herrenmode f\u00fcr jeden Geschmack. Entdecken Sie bei uns die neuesten Mode-Trends, hochwertige Materialien und zeitlose Klassiker \u2013 von eleganten Business-Looks bis hin [&#8230;]\n","protected":false},"author":1,"featured_media":3809,"comment_status":"closed","ping_status":"closed","sticky":false,"template":"","format":"standard","meta":{"footnotes":""},"categories":[25],"tags":[13,27,14,37],"class_list":["post-3518","post","type-post","status-publish","format-standard","has-post-thumbnail","hentry","category-fashion-filialen-steinecker","tag-fashion","tag-filiale","tag-mode","tag-zwettl"],"yoast_head":"<!-- This site is optimized with the Yoast SEO plugin v27.3 - https:\/\/yoast.com\/product\/yoast-seo-wordpress\/ -->\n<title>Steinecker Zwettl - Damenmode &amp; Herrenmode - beste Beratung<\/title>\n<meta name=\"description\" content=\"Steinecker - Ihr Modegesch\u00e4ft mit Stil, Qualit\u00e4t und Pers\u00f6nlichkeit \u2013 am Hauptplatz im Herzen von Zwettl. Markenmode f\u00fcr Damen &amp; Herren\" \/>\n<meta name=\"robots\" content=\"index, follow, max-snippet:-1, max-image-preview:large, max-video-preview:-1\" \/>\n<link rel=\"canonical\" href=\"https:\/\/www.steinecker.at\/fashion\/zwettl\/\" \/>\n<meta property=\"og:locale\" content=\"de_DE\" \/>\n<meta property=\"og:type\" content=\"article\" \/>\n<meta property=\"og:title\" content=\"Steinecker Zwettl - Damenmode &amp; Herrenmode\" \/>\n<meta property=\"og:description\" content=\"Steinecker - Ihr Modegesch\u00e4ft mit Stil, Qualit\u00e4t und Pers\u00f6nlichkeit \u2013 am Hauptplatz im Herzen von Zwettl. Markenmode f\u00fcr Damen &amp; Herren\" \/>\n<meta property=\"og:url\" content=\"https:\/\/www.steinecker.at\/fashion\/zwettl\/\" \/>\n<meta property=\"og:site_name\" content=\"Steinecker Fashion - Markenmode - Abendmode\" \/>\n<meta property=\"article:publisher\" content=\"https:\/\/www.facebook.com\/steinecker.fashion\" \/>\n<meta property=\"article:published_time\" content=\"2026-01-08T06:25:02+00:00\" \/>\n<meta property=\"article:modified_time\" content=\"2026-02-24T13:25:40+00:00\" \/>\n<meta property=\"og:image\" content=\"https:\/\/www.steinecker.at\/fashion\/wp-content\/uploads\/2017\/02\/steinecker-zwettl.jpg\" \/>\n\t<meta property=\"og:image:width\" content=\"1024\" \/>\n\t<meta property=\"og:image:height\" content=\"732\" \/>\n\t<meta property=\"og:image:type\" content=\"image\/jpeg\" \/>\n<meta name=\"author\" content=\"Frankie\" \/>\n<meta name=\"twitter:card\" content=\"summary_large_image\" \/>\n<meta name=\"twitter:title\" content=\"Steinecker Zwettl - Damenmode &amp; Herrenmode\" \/>\n<meta name=\"twitter:description\" content=\"Steinecker - Ihr Modegesch\u00e4ft mit Stil, Qualit\u00e4t und Pers\u00f6nlichkeit \u2013 am Hauptplatz im Herzen von Zwettl. Markenmode f\u00fcr Damen &amp; Herren\" \/>\n<meta name=\"twitter:image\" content=\"https:\/\/www.steinecker.at\/fashion\/wp-content\/uploads\/2017\/02\/steinecker-zwettl.jpg\" \/>\n<meta name=\"twitter:label1\" content=\"Verfasst von\" \/>\n\t<meta name=\"twitter:data1\" content=\"Frankie\" \/>\n\t<meta name=\"twitter:label2\" content=\"Gesch\u00e4tzte Lesezeit\" \/>\n\t<meta name=\"twitter:data2\" content=\"2\u00a0Minuten\" \/>\n<script type=\"application\/ld+json\" class=\"yoast-schema-graph\">{\"@context\":\"https:\\\/\\\/schema.org\",\"@graph\":[{\"@type\":\"Article\",\"@id\":\"https:\\\/\\\/www.steinecker.at\\\/fashion\\\/zwettl\\\/#article\",\"isPartOf\":{\"@id\":\"https:\\\/\\\/www.steinecker.at\\\/fashion\\\/zwettl\\\/\"},\"author\":{\"name\":\"Frankie\",\"@id\":\"https:\\\/\\\/www.steinecker.at\\\/fashion\\\/#\\\/schema\\\/person\\\/40be98c9ba5df4fdb78c7f5e6015f8d3\"},\"headline\":\"Zwettl\",\"datePublished\":\"2026-01-08T06:25:02+00:00\",\"dateModified\":\"2026-02-24T13:25:40+00:00\",\"mainEntityOfPage\":{\"@id\":\"https:\\\/\\\/www.steinecker.at\\\/fashion\\\/zwettl\\\/\"},\"wordCount\":298,\"image\":{\"@id\":\"https:\\\/\\\/www.steinecker.at\\\/fashion\\\/zwettl\\\/#primaryimage\"},\"thumbnailUrl\":\"https:\\\/\\\/www.steinecker.at\\\/fashion\\\/wp-content\\\/uploads\\\/2017\\\/02\\\/steinecker-zwettl.jpg\",\"keywords\":[\"Fashion\",\"Filiale\",\"Mode\",\"Zwettl\"],\"articleSection\":[\"Fashion Filialen\"],\"inLanguage\":\"de\"},{\"@type\":\"WebPage\",\"@id\":\"https:\\\/\\\/www.steinecker.at\\\/fashion\\\/zwettl\\\/\",\"url\":\"https:\\\/\\\/www.steinecker.at\\\/fashion\\\/zwettl\\\/\",\"name\":\"Steinecker Zwettl - Damenmode & Herrenmode - beste Beratung\",\"isPartOf\":{\"@id\":\"https:\\\/\\\/www.steinecker.at\\\/fashion\\\/#website\"},\"primaryImageOfPage\":{\"@id\":\"https:\\\/\\\/www.steinecker.at\\\/fashion\\\/zwettl\\\/#primaryimage\"},\"image\":{\"@id\":\"https:\\\/\\\/www.steinecker.at\\\/fashion\\\/zwettl\\\/#primaryimage\"},\"thumbnailUrl\":\"https:\\\/\\\/www.steinecker.at\\\/fashion\\\/wp-content\\\/uploads\\\/2017\\\/02\\\/steinecker-zwettl.jpg\",\"datePublished\":\"2026-01-08T06:25:02+00:00\",\"dateModified\":\"2026-02-24T13:25:40+00:00\",\"author\":{\"@id\":\"https:\\\/\\\/www.steinecker.at\\\/fashion\\\/#\\\/schema\\\/person\\\/40be98c9ba5df4fdb78c7f5e6015f8d3\"},\"description\":\"Steinecker - Ihr Modegesch\u00e4ft mit Stil, Qualit\u00e4t und Pers\u00f6nlichkeit \u2013 am Hauptplatz im Herzen von Zwettl. Markenmode f\u00fcr Damen & Herren\",\"breadcrumb\":{\"@id\":\"https:\\\/\\\/www.steinecker.at\\\/fashion\\\/zwettl\\\/#breadcrumb\"},\"inLanguage\":\"de\",\"potentialAction\":[{\"@type\":\"ReadAction\",\"target\":[\"https:\\\/\\\/www.steinecker.at\\\/fashion\\\/zwettl\\\/\"]}]},{\"@type\":\"ImageObject\",\"inLanguage\":\"de\",\"@id\":\"https:\\\/\\\/www.steinecker.at\\\/fashion\\\/zwettl\\\/#primaryimage\",\"url\":\"https:\\\/\\\/www.steinecker.at\\\/fashion\\\/wp-content\\\/uploads\\\/2017\\\/02\\\/steinecker-zwettl.jpg\",\"contentUrl\":\"https:\\\/\\\/www.steinecker.at\\\/fashion\\\/wp-content\\\/uploads\\\/2017\\\/02\\\/steinecker-zwettl.jpg\",\"width\":1024,\"height\":732},{\"@type\":\"BreadcrumbList\",\"@id\":\"https:\\\/\\\/www.steinecker.at\\\/fashion\\\/zwettl\\\/#breadcrumb\",\"itemListElement\":[{\"@type\":\"ListItem\",\"position\":1,\"name\":\"Startseite\",\"item\":\"https:\\\/\\\/www.steinecker.at\\\/fashion\\\/\"},{\"@type\":\"ListItem\",\"position\":2,\"name\":\"Zwettl\"}]},{\"@type\":\"WebSite\",\"@id\":\"https:\\\/\\\/www.steinecker.at\\\/fashion\\\/#website\",\"url\":\"https:\\\/\\\/www.steinecker.at\\\/fashion\\\/\",\"name\":\"Steinecker Fashion - Markenmode - Abendmode\",\"description\":\"Markenmode und die sch\u00f6nsten Abendmode Trends f\u00fcr SIE und IHN\",\"potentialAction\":[{\"@type\":\"SearchAction\",\"target\":{\"@type\":\"EntryPoint\",\"urlTemplate\":\"https:\\\/\\\/www.steinecker.at\\\/fashion\\\/?s={search_term_string}\"},\"query-input\":{\"@type\":\"PropertyValueSpecification\",\"valueRequired\":true,\"valueName\":\"search_term_string\"}}],\"inLanguage\":\"de\"},{\"@type\":\"Person\",\"@id\":\"https:\\\/\\\/www.steinecker.at\\\/fashion\\\/#\\\/schema\\\/person\\\/40be98c9ba5df4fdb78c7f5e6015f8d3\",\"name\":\"Frankie\"}]}<\/script>\n<!-- \/ Yoast SEO plugin. -->","yoast_head_json":{"title":"Steinecker Zwettl - Damenmode & Herrenmode - beste Beratung","description":"Steinecker - Ihr Modegesch\u00e4ft mit Stil, Qualit\u00e4t und Pers\u00f6nlichkeit \u2013 am Hauptplatz im Herzen von Zwettl. Markenmode f\u00fcr Damen & Herren","robots":{"index":"index","follow":"follow","max-snippet":"max-snippet:-1","max-image-preview":"max-image-preview:large","max-video-preview":"max-video-preview:-1"},"canonical":"https:\/\/www.steinecker.at\/fashion\/zwettl\/","og_locale":"de_DE","og_type":"article","og_title":"Steinecker Zwettl - Damenmode & Herrenmode","og_description":"Steinecker - Ihr Modegesch\u00e4ft mit Stil, Qualit\u00e4t und Pers\u00f6nlichkeit \u2013 am Hauptplatz im Herzen von Zwettl. Markenmode f\u00fcr Damen & Herren","og_url":"https:\/\/www.steinecker.at\/fashion\/zwettl\/","og_site_name":"Steinecker Fashion - Markenmode - Abendmode","article_publisher":"https:\/\/www.facebook.com\/steinecker.fashion","article_published_time":"2026-01-08T06:25:02+00:00","article_modified_time":"2026-02-24T13:25:40+00:00","og_image":[{"width":1024,"height":732,"url":"https:\/\/www.steinecker.at\/fashion\/wp-content\/uploads\/2017\/02\/steinecker-zwettl.jpg","type":"image\/jpeg"}],"author":"Frankie","twitter_card":"summary_large_image","twitter_title":"Steinecker Zwettl - Damenmode & Herrenmode","twitter_description":"Steinecker - Ihr Modegesch\u00e4ft mit Stil, Qualit\u00e4t und Pers\u00f6nlichkeit \u2013 am Hauptplatz im Herzen von Zwettl. Markenmode f\u00fcr Damen & Herren","twitter_image":"https:\/\/www.steinecker.at\/fashion\/wp-content\/uploads\/2017\/02\/steinecker-zwettl.jpg","twitter_misc":{"Verfasst von":"Frankie","Gesch\u00e4tzte Lesezeit":"2\u00a0Minuten"},"schema":{"@context":"https:\/\/schema.org","@graph":[{"@type":"Article","@id":"https:\/\/www.steinecker.at\/fashion\/zwettl\/#article","isPartOf":{"@id":"https:\/\/www.steinecker.at\/fashion\/zwettl\/"},"author":{"name":"Frankie","@id":"https:\/\/www.steinecker.at\/fashion\/#\/schema\/person\/40be98c9ba5df4fdb78c7f5e6015f8d3"},"headline":"Zwettl","datePublished":"2026-01-08T06:25:02+00:00","dateModified":"2026-02-24T13:25:40+00:00","mainEntityOfPage":{"@id":"https:\/\/www.steinecker.at\/fashion\/zwettl\/"},"wordCount":298,"image":{"@id":"https:\/\/www.steinecker.at\/fashion\/zwettl\/#primaryimage"},"thumbnailUrl":"https:\/\/www.steinecker.at\/fashion\/wp-content\/uploads\/2017\/02\/steinecker-zwettl.jpg","keywords":["Fashion","Filiale","Mode","Zwettl"],"articleSection":["Fashion Filialen"],"inLanguage":"de"},{"@type":"WebPage","@id":"https:\/\/www.steinecker.at\/fashion\/zwettl\/","url":"https:\/\/www.steinecker.at\/fashion\/zwettl\/","name":"Steinecker Zwettl - Damenmode & Herrenmode - beste Beratung","isPartOf":{"@id":"https:\/\/www.steinecker.at\/fashion\/#website"},"primaryImageOfPage":{"@id":"https:\/\/www.steinecker.at\/fashion\/zwettl\/#primaryimage"},"image":{"@id":"https:\/\/www.steinecker.at\/fashion\/zwettl\/#primaryimage"},"thumbnailUrl":"https:\/\/www.steinecker.at\/fashion\/wp-content\/uploads\/2017\/02\/steinecker-zwettl.jpg","datePublished":"2026-01-08T06:25:02+00:00","dateModified":"2026-02-24T13:25:40+00:00","author":{"@id":"https:\/\/www.steinecker.at\/fashion\/#\/schema\/person\/40be98c9ba5df4fdb78c7f5e6015f8d3"},"description":"Steinecker - Ihr Modegesch\u00e4ft mit Stil, Qualit\u00e4t und Pers\u00f6nlichkeit \u2013 am Hauptplatz im Herzen von Zwettl. Markenmode f\u00fcr Damen & Herren","breadcrumb":{"@id":"https:\/\/www.steinecker.at\/fashion\/zwettl\/#breadcrumb"},"inLanguage":"de","potentialAction":[{"@type":"ReadAction","target":["https:\/\/www.steinecker.at\/fashion\/zwettl\/"]}]},{"@type":"ImageObject","inLanguage":"de","@id":"https:\/\/www.steinecker.at\/fashion\/zwettl\/#primaryimage","url":"https:\/\/www.steinecker.at\/fashion\/wp-content\/uploads\/2017\/02\/steinecker-zwettl.jpg","contentUrl":"https:\/\/www.steinecker.at\/fashion\/wp-content\/uploads\/2017\/02\/steinecker-zwettl.jpg","width":1024,"height":732},{"@type":"BreadcrumbList","@id":"https:\/\/www.steinecker.at\/fashion\/zwettl\/#breadcrumb","itemListElement":[{"@type":"ListItem","position":1,"name":"Startseite","item":"https:\/\/www.steinecker.at\/fashion\/"},{"@type":"ListItem","position":2,"name":"Zwettl"}]},{"@type":"WebSite","@id":"https:\/\/www.steinecker.at\/fashion\/#website","url":"https:\/\/www.steinecker.at\/fashion\/","name":"Steinecker Fashion - Markenmode - Abendmode","description":"Markenmode und die sch\u00f6nsten Abendmode Trends f\u00fcr SIE und IHN","potentialAction":[{"@type":"SearchAction","target":{"@type":"EntryPoint","urlTemplate":"https:\/\/www.steinecker.at\/fashion\/?s={search_term_string}"},"query-input":{"@type":"PropertyValueSpecification","valueRequired":true,"valueName":"search_term_string"}}],"inLanguage":"de"},{"@type":"Person","@id":"https:\/\/www.steinecker.at\/fashion\/#\/schema\/person\/40be98c9ba5df4fdb78c7f5e6015f8d3","name":"Frankie"}]}},"_links":{"self":[{"href":"https:\/\/www.steinecker.at\/fashion\/wp-json\/wp\/v2\/posts\/3518","targetHints":{"allow":["GET"]}}],"collection":[{"href":"https:\/\/www.steinecker.at\/fashion\/wp-json\/wp\/v2\/posts"}],"about":[{"href":"https:\/\/www.steinecker.at\/fashion\/wp-json\/wp\/v2\/types\/post"}],"author":[{"embeddable":true,"href":"https:\/\/www.steinecker.at\/fashion\/wp-json\/wp\/v2\/users\/1"}],"replies":[{"embeddable":true,"href":"https:\/\/www.steinecker.at\/fashion\/wp-json\/wp\/v2\/comments?post=3518"}],"version-history":[{"count":41,"href":"https:\/\/www.steinecker.at\/fashion\/wp-json\/wp\/v2\/posts\/3518\/revisions"}],"predecessor-version":[{"id":9965,"href":"https:\/\/www.steinecker.at\/fashion\/wp-json\/wp\/v2\/posts\/3518\/revisions\/9965"}],"wp:featuredmedia":[{"embeddable":true,"href":"https:\/\/www.steinecker.at\/fashion\/wp-json\/wp\/v2\/media\/3809"}],"wp:attachment":[{"href":"https:\/\/www.steinecker.at\/fashion\/wp-json\/wp\/v2\/media?parent=3518"}],"wp:term":[{"taxonomy":"category","embeddable":true,"href":"https:\/\/www.steinecker.at\/fashion\/wp-json\/wp\/v2\/categories?post=3518"},{"taxonomy":"post_tag","embeddable":true,"href":"https:\/\/www.steinecker.at\/fashion\/wp-json\/wp\/v2\/tags?post=3518"}],"curies":[{"name":"wp","href":"https:\/\/api.w.org\/{rel}","templated":true}]}}