{"id":3464,"date":"2025-06-04T07:02:22","date_gmt":"2025-06-04T05:02:22","guid":{"rendered":"http:\/\/steinecker.at\/fashion\/?p=3464"},"modified":"2026-03-02T08:15:16","modified_gmt":"2026-03-02T07:15:16","slug":"krems","status":"publish","type":"post","link":"https:\/\/www.steinecker.at\/fashion\/krems\/","title":{"rendered":"Krems"},"content":{"rendered":"<h1>Steinecker Krems<\/h1>\n<p>Ob Ballnacht, Gala, Abschlussfeier oder einfach ein besonderer Moment \u2013 bei Steinecker in Krems finden Sie die passende Mode f\u00fcr jeden Anlass. Von eleganten Ballkleidern und Abendlooks, top modernen Anz\u00fcgen bis hin zu angesagter Markenmode f\u00fcr Damen und Herren \u2013 wir bringen Stil in Ihren Kleiderschrank. Pers\u00f6nliche Beratung, ehrliches Styling und unsere hauseigene Schneiderei machen Ihren Shoppingmoment bei uns rundum perfekt.<\/p>\n<hr \/>\n<div class=\"row\"  id=\"row-919841429\">\n\n\t<div id=\"col-1431244605\" class=\"col medium-6 small-12 large-6\"  >\n\t\t\t\t<div class=\"col-inner\"  >\n\t\t\t\n\t\t\t\n<p><strong>Adresse:<\/strong><br \/>\nSteinertor \/ Utzstra\u00dfe 1<br \/>\n3500 Krems<\/p>\n<p>Tel.: <a href=\"tel:+43273273546\"> 02732 73546<\/a><\/p>\n<a href=\"https:\/\/maps.app.goo.gl\/rPS7cjx2e4cbgpUFA\" target=\"_blank\" class=\"button primary is-link\" rel=\"noopener\" >\n\t<i class=\"icon-map-pin-fill\" aria-hidden=\"true\"><\/i>\t<span>Anfahrtsplan Google<\/span>\n\t<\/a>\n\n\t\t<\/div>\n\t\t\t\t\t<\/div>\n\n\t\n\n\t<div id=\"col-1738695025\" class=\"col medium-6 small-12 large-6\"  >\n\t\t\t\t<div class=\"col-inner\"  >\n\t\t\t\n\t\t\t\n<p><strong>\u00d6ffnungszeiten:<\/strong><br \/>MO &#8211; FR: 9:00 &#8211; 18:00<br \/>SA: 9:00 &#8211; 17:00<\/p>\n<p>8. Dezember geschlossen<br \/>24. Dezember bis 13:00 ge\u00f6ffnet<br \/>31. Dezember bis 13:00 ge\u00f6ffnet<\/p>\n\t\t<\/div>\n\t\t\t\t\t<\/div>\n\n\t\n<\/div>\n  <style>\n    #gallery-277131385 .grid-col-1{height: 600px}\n    #gallery-277131385 .grid-col-1-2{height: 300px}\n    #gallery-277131385 .grid-col-1-3{height:200px}\n    #gallery-277131385 .grid-col-2-3{height: 400px}\n    #gallery-277131385 .grid-col-1-4{height: 150px}\n    #gallery-277131385 .grid-col-3-4{height: 450px}\n\n\n        \/* Tablet *\/\n    @media (max-width: 850px){\n      #gallery-277131385 .grid-col-1{height: 400px}\n      #gallery-277131385 .grid-col-1-2{height: 200px}\n      #gallery-277131385 .grid-col-1-3{height:133.33333333333px}\n      #gallery-277131385 .grid-col-2-3{height: 266.66666666667px}\n      #gallery-277131385 .grid-col-1-4{height: 100px}\n      #gallery-277131385 .grid-col-3-4{height: 300px}\n    }\n    \n        \/* Mobile *\/\n    @media (max-width: 550px){\n      #gallery-277131385 .grid-col-1{height: 400px}\n      #gallery-277131385 .grid-col-1-2{height: 200px}\n      #gallery-277131385 .grid-col-1-3{height:133.33333333333px}\n      #gallery-277131385 .grid-col-2-3{height: 266.66666666667px}\n      #gallery-277131385 .grid-col-1-4{height: 100px}\n      #gallery-277131385 .grid-col-3-4{height: 300px}\n    }\n    \n\n  <\/style>\n  \n  \n    <div id=\"gallery-277131385\" class=\"row row-grid\" data-packery-options='{\"itemSelector\": \".col\", \"gutter\": 0, \"presentageWidth\" : true}'>\n\n  <div class=\"gallery-col col grid-col grid-col-2-3 large-6 medium-12\" >\n          <div class=\"col-inner\">\n            <a class=\"image-lightbox lightbox-gallery\" href=\"https:\/\/www.steinecker.at\/fashion\/wp-content\/uploads\/2017\/02\/2019_08_Steinecker_CL-023-1.jpg\" title=\"\">            <div class=\"box has-hover gallery-box box-overlay dark box-text-center\">\n              <div class=\"box-image\" >\n                <img decoding=\"async\" width=\"1020\" height=\"680\" src=\"https:\/\/www.steinecker.at\/fashion\/wp-content\/uploads\/2017\/02\/2019_08_Steinecker_CL-023-1.jpg\" class=\"attachment-large size-large\" alt=\"\" ids=\"5767,5676,5773,5771,5770,5769,5763,5762,5761,5760,5759,5755,5753,5749,5744,5723,5719\" type=\"grid\" grid=\"13\" srcset=\"https:\/\/www.steinecker.at\/fashion\/wp-content\/uploads\/2017\/02\/2019_08_Steinecker_CL-023-1.jpg 1620w, https:\/\/www.steinecker.at\/fashion\/wp-content\/uploads\/2017\/02\/2019_08_Steinecker_CL-023-1-600x400.jpg 600w, https:\/\/www.steinecker.at\/fashion\/wp-content\/uploads\/2017\/02\/2019_08_Steinecker_CL-023-1-800x533.jpg 800w, https:\/\/www.steinecker.at\/fashion\/wp-content\/uploads\/2017\/02\/2019_08_Steinecker_CL-023-1-768x512.jpg 768w\" sizes=\"(max-width: 1020px) 100vw, 1020px\" \/>                                  <div class=\"overlay fill\"\n                      style=\"background-color: rgba(0,0,0,.15)\">\n                  <\/div>\n                                                              <\/div>\n              <div class=\"box-text text-left dark\" >\n                 <p><\/p>\n              <\/div>\n            <\/div>\n            <\/a>          <\/div>\n         <\/div><div class=\"gallery-col col grid-col grid-col-1-2 large-3 medium-6\" >\n          <div class=\"col-inner\">\n            <a class=\"image-lightbox lightbox-gallery\" href=\"https:\/\/www.steinecker.at\/fashion\/wp-content\/uploads\/2019\/08\/IMG-20190829-WA0014.jpg\" title=\"\">            <div class=\"box has-hover gallery-box box-overlay dark box-text-center\">\n              <div class=\"box-image\" >\n                <img decoding=\"async\" width=\"1020\" height=\"765\" src=\"https:\/\/www.steinecker.at\/fashion\/wp-content\/uploads\/2019\/08\/IMG-20190829-WA0014.jpg\" class=\"attachment-large size-large\" alt=\"Steinecker Krems Steinertor\" ids=\"5767,5676,5773,5771,5770,5769,5763,5762,5761,5760,5759,5755,5753,5749,5744,5723,5719\" type=\"grid\" grid=\"13\" srcset=\"https:\/\/www.steinecker.at\/fashion\/wp-content\/uploads\/2019\/08\/IMG-20190829-WA0014.jpg 1600w, https:\/\/www.steinecker.at\/fashion\/wp-content\/uploads\/2019\/08\/IMG-20190829-WA0014-600x450.jpg 600w\" sizes=\"(max-width: 1020px) 100vw, 1020px\" \/>                                  <div class=\"overlay fill\"\n                      style=\"background-color: rgba(0,0,0,.15)\">\n                  <\/div>\n                                                              <\/div>\n              <div class=\"box-text text-left dark\" >\n                 <p><\/p>\n              <\/div>\n            <\/div>\n            <\/a>          <\/div>\n         <\/div><div class=\"gallery-col col grid-col grid-col-1 large-3 medium-6\" >\n          <div class=\"col-inner\">\n            <a class=\"image-lightbox lightbox-gallery\" href=\"https:\/\/www.steinecker.at\/fashion\/wp-content\/uploads\/2017\/02\/2019_08_Steinecker_CL-029-1.jpg\" title=\"\">            <div class=\"box has-hover gallery-box box-overlay dark box-text-center\">\n              <div class=\"box-image\" >\n                <img decoding=\"async\" width=\"800\" height=\"533\" src=\"https:\/\/www.steinecker.at\/fashion\/wp-content\/uploads\/2017\/02\/2019_08_Steinecker_CL-029-1-800x533.jpg\" class=\"attachment-medium size-medium\" alt=\"\" ids=\"5767,5676,5773,5771,5770,5769,5763,5762,5761,5760,5759,5755,5753,5749,5744,5723,5719\" type=\"grid\" grid=\"13\" srcset=\"https:\/\/www.steinecker.at\/fashion\/wp-content\/uploads\/2017\/02\/2019_08_Steinecker_CL-029-1-800x533.jpg 800w, https:\/\/www.steinecker.at\/fashion\/wp-content\/uploads\/2017\/02\/2019_08_Steinecker_CL-029-1-600x400.jpg 600w, https:\/\/www.steinecker.at\/fashion\/wp-content\/uploads\/2017\/02\/2019_08_Steinecker_CL-029-1-768x512.jpg 768w, https:\/\/www.steinecker.at\/fashion\/wp-content\/uploads\/2017\/02\/2019_08_Steinecker_CL-029-1.jpg 1620w\" sizes=\"(max-width: 800px) 100vw, 800px\" \/>                                  <div class=\"overlay fill\"\n                      style=\"background-color: rgba(0,0,0,.15)\">\n                  <\/div>\n                                                              <\/div>\n              <div class=\"box-text text-left dark\" >\n                 <p><\/p>\n              <\/div>\n            <\/div>\n            <\/a>          <\/div>\n         <\/div><div class=\"gallery-col col grid-col grid-col-1-2 large-3 medium-6\" >\n          <div class=\"col-inner\">\n            <a class=\"image-lightbox lightbox-gallery\" href=\"https:\/\/www.steinecker.at\/fashion\/wp-content\/uploads\/2017\/02\/2019_08_Steinecker_CL-027-1.jpg\" title=\"\">            <div class=\"box has-hover gallery-box box-overlay dark box-text-center\">\n              <div class=\"box-image\" >\n                <img decoding=\"async\" width=\"533\" height=\"800\" src=\"https:\/\/www.steinecker.at\/fashion\/wp-content\/uploads\/2017\/02\/2019_08_Steinecker_CL-027-1-533x800.jpg\" class=\"attachment-medium size-medium\" alt=\"\" ids=\"5767,5676,5773,5771,5770,5769,5763,5762,5761,5760,5759,5755,5753,5749,5744,5723,5719\" type=\"grid\" grid=\"13\" srcset=\"https:\/\/www.steinecker.at\/fashion\/wp-content\/uploads\/2017\/02\/2019_08_Steinecker_CL-027-1-533x800.jpg 533w, https:\/\/www.steinecker.at\/fashion\/wp-content\/uploads\/2017\/02\/2019_08_Steinecker_CL-027-1-600x900.jpg 600w, https:\/\/www.steinecker.at\/fashion\/wp-content\/uploads\/2017\/02\/2019_08_Steinecker_CL-027-1-768x1152.jpg 768w, https:\/\/www.steinecker.at\/fashion\/wp-content\/uploads\/2017\/02\/2019_08_Steinecker_CL-027-1.jpg 1080w\" sizes=\"(max-width: 533px) 100vw, 533px\" \/>                                  <div class=\"overlay fill\"\n                      style=\"background-color: rgba(0,0,0,.15)\">\n                  <\/div>\n                                                              <\/div>\n              <div class=\"box-text text-left dark\" >\n                 <p><\/p>\n              <\/div>\n            <\/div>\n            <\/a>          <\/div>\n         <\/div><div class=\"gallery-col col grid-col grid-col-1-3 large-6 medium-12\" >\n          <div class=\"col-inner\">\n            <a class=\"image-lightbox lightbox-gallery\" href=\"https:\/\/www.steinecker.at\/fashion\/wp-content\/uploads\/2017\/02\/2019_08_Steinecker_CL-026-1.jpg\" title=\"\">            <div class=\"box has-hover gallery-box box-overlay dark box-text-center\">\n              <div class=\"box-image\" >\n                <img decoding=\"async\" width=\"800\" height=\"533\" src=\"https:\/\/www.steinecker.at\/fashion\/wp-content\/uploads\/2017\/02\/2019_08_Steinecker_CL-026-1-800x533.jpg\" class=\"attachment-medium size-medium\" alt=\"\" ids=\"5767,5676,5773,5771,5770,5769,5763,5762,5761,5760,5759,5755,5753,5749,5744,5723,5719\" type=\"grid\" grid=\"13\" srcset=\"https:\/\/www.steinecker.at\/fashion\/wp-content\/uploads\/2017\/02\/2019_08_Steinecker_CL-026-1-800x533.jpg 800w, https:\/\/www.steinecker.at\/fashion\/wp-content\/uploads\/2017\/02\/2019_08_Steinecker_CL-026-1-600x400.jpg 600w, https:\/\/www.steinecker.at\/fashion\/wp-content\/uploads\/2017\/02\/2019_08_Steinecker_CL-026-1-768x512.jpg 768w, https:\/\/www.steinecker.at\/fashion\/wp-content\/uploads\/2017\/02\/2019_08_Steinecker_CL-026-1.jpg 1620w\" sizes=\"(max-width: 800px) 100vw, 800px\" \/>                                  <div class=\"overlay fill\"\n                      style=\"background-color: rgba(0,0,0,.15)\">\n                  <\/div>\n                                                              <\/div>\n              <div class=\"box-text text-left dark\" >\n                 <p><\/p>\n              <\/div>\n            <\/div>\n            <\/a>          <\/div>\n         <\/div><div class=\"gallery-col col grid-col grid-col-1-3 large-6 medium-12\" >\n          <div class=\"col-inner\">\n            <a class=\"image-lightbox lightbox-gallery\" href=\"https:\/\/www.steinecker.at\/fashion\/wp-content\/uploads\/2017\/02\/2019_08_Steinecker_CL-025-1.jpg\" title=\"\">            <div class=\"box has-hover gallery-box box-overlay dark box-text-center\">\n              <div class=\"box-image\" >\n                <img decoding=\"async\" width=\"533\" height=\"800\" src=\"https:\/\/www.steinecker.at\/fashion\/wp-content\/uploads\/2017\/02\/2019_08_Steinecker_CL-025-1-533x800.jpg\" class=\"attachment-medium size-medium\" alt=\"\" ids=\"5767,5676,5773,5771,5770,5769,5763,5762,5761,5760,5759,5755,5753,5749,5744,5723,5719\" type=\"grid\" grid=\"13\" srcset=\"https:\/\/www.steinecker.at\/fashion\/wp-content\/uploads\/2017\/02\/2019_08_Steinecker_CL-025-1-533x800.jpg 533w, https:\/\/www.steinecker.at\/fashion\/wp-content\/uploads\/2017\/02\/2019_08_Steinecker_CL-025-1-600x900.jpg 600w, https:\/\/www.steinecker.at\/fashion\/wp-content\/uploads\/2017\/02\/2019_08_Steinecker_CL-025-1-768x1152.jpg 768w, https:\/\/www.steinecker.at\/fashion\/wp-content\/uploads\/2017\/02\/2019_08_Steinecker_CL-025-1.jpg 1080w\" sizes=\"(max-width: 533px) 100vw, 533px\" \/>                                  <div class=\"overlay fill\"\n                      style=\"background-color: rgba(0,0,0,.15)\">\n                  <\/div>\n                                                              <\/div>\n              <div class=\"box-text text-left dark\" >\n                 <p><\/p>\n              <\/div>\n            <\/div>\n            <\/a>          <\/div>\n         <\/div><div class=\"gallery-col col grid-col grid-col-1-3 large-6 medium-12\" >\n          <div class=\"col-inner\">\n            <a class=\"image-lightbox lightbox-gallery\" href=\"https:\/\/www.steinecker.at\/fashion\/wp-content\/uploads\/2017\/02\/2019_08_Steinecker_CL-019-1.jpg\" title=\"\">            <div class=\"box has-hover gallery-box box-overlay dark box-text-center\">\n              <div class=\"box-image\" >\n                <img decoding=\"async\" width=\"533\" height=\"800\" src=\"https:\/\/www.steinecker.at\/fashion\/wp-content\/uploads\/2017\/02\/2019_08_Steinecker_CL-019-1-533x800.jpg\" class=\"attachment-medium size-medium\" alt=\"\" ids=\"5767,5676,5773,5771,5770,5769,5763,5762,5761,5760,5759,5755,5753,5749,5744,5723,5719\" type=\"grid\" grid=\"13\" srcset=\"https:\/\/www.steinecker.at\/fashion\/wp-content\/uploads\/2017\/02\/2019_08_Steinecker_CL-019-1-533x800.jpg 533w, https:\/\/www.steinecker.at\/fashion\/wp-content\/uploads\/2017\/02\/2019_08_Steinecker_CL-019-1-600x900.jpg 600w, https:\/\/www.steinecker.at\/fashion\/wp-content\/uploads\/2017\/02\/2019_08_Steinecker_CL-019-1-768x1152.jpg 768w, https:\/\/www.steinecker.at\/fashion\/wp-content\/uploads\/2017\/02\/2019_08_Steinecker_CL-019-1.jpg 1080w\" sizes=\"(max-width: 533px) 100vw, 533px\" \/>                                  <div class=\"overlay fill\"\n                      style=\"background-color: rgba(0,0,0,.15)\">\n                  <\/div>\n                                                              <\/div>\n              <div class=\"box-text text-left dark\" >\n                 <p><\/p>\n              <\/div>\n            <\/div>\n            <\/a>          <\/div>\n         <\/div><div class=\"gallery-col col grid-col grid-col-1-3 large-6 medium-12\" >\n          <div class=\"col-inner\">\n            <a class=\"image-lightbox lightbox-gallery\" href=\"https:\/\/www.steinecker.at\/fashion\/wp-content\/uploads\/2017\/02\/2019_08_Steinecker_CL-018-1.jpg\" title=\"\">            <div class=\"box has-hover gallery-box box-overlay dark box-text-center\">\n              <div class=\"box-image\" >\n                <img decoding=\"async\" width=\"800\" height=\"533\" src=\"https:\/\/www.steinecker.at\/fashion\/wp-content\/uploads\/2017\/02\/2019_08_Steinecker_CL-018-1-800x533.jpg\" class=\"attachment-medium size-medium\" alt=\"\" ids=\"5767,5676,5773,5771,5770,5769,5763,5762,5761,5760,5759,5755,5753,5749,5744,5723,5719\" type=\"grid\" grid=\"13\" srcset=\"https:\/\/www.steinecker.at\/fashion\/wp-content\/uploads\/2017\/02\/2019_08_Steinecker_CL-018-1-800x533.jpg 800w, https:\/\/www.steinecker.at\/fashion\/wp-content\/uploads\/2017\/02\/2019_08_Steinecker_CL-018-1-600x400.jpg 600w, https:\/\/www.steinecker.at\/fashion\/wp-content\/uploads\/2017\/02\/2019_08_Steinecker_CL-018-1-768x512.jpg 768w, https:\/\/www.steinecker.at\/fashion\/wp-content\/uploads\/2017\/02\/2019_08_Steinecker_CL-018-1.jpg 2000w\" sizes=\"(max-width: 800px) 100vw, 800px\" \/>                                  <div class=\"overlay fill\"\n                      style=\"background-color: rgba(0,0,0,.15)\">\n                  <\/div>\n                                                              <\/div>\n              <div class=\"box-text text-left dark\" >\n                 <p><\/p>\n              <\/div>\n            <\/div>\n            <\/a>          <\/div>\n         <\/div><div class=\"gallery-col col grid-col grid-col-1-3 large-6 medium-12\" >\n          <div class=\"col-inner\">\n            <a class=\"image-lightbox lightbox-gallery\" href=\"https:\/\/www.steinecker.at\/fashion\/wp-content\/uploads\/2017\/02\/2019_08_Steinecker_CL-017-1.jpg\" title=\"\">            <div class=\"box has-hover gallery-box box-overlay dark box-text-center\">\n              <div class=\"box-image\" >\n                <img decoding=\"async\" width=\"800\" height=\"533\" src=\"https:\/\/www.steinecker.at\/fashion\/wp-content\/uploads\/2017\/02\/2019_08_Steinecker_CL-017-1-800x533.jpg\" class=\"attachment-medium size-medium\" alt=\"\" ids=\"5767,5676,5773,5771,5770,5769,5763,5762,5761,5760,5759,5755,5753,5749,5744,5723,5719\" type=\"grid\" grid=\"13\" srcset=\"https:\/\/www.steinecker.at\/fashion\/wp-content\/uploads\/2017\/02\/2019_08_Steinecker_CL-017-1-800x533.jpg 800w, https:\/\/www.steinecker.at\/fashion\/wp-content\/uploads\/2017\/02\/2019_08_Steinecker_CL-017-1-600x400.jpg 600w, https:\/\/www.steinecker.at\/fashion\/wp-content\/uploads\/2017\/02\/2019_08_Steinecker_CL-017-1-768x512.jpg 768w, https:\/\/www.steinecker.at\/fashion\/wp-content\/uploads\/2017\/02\/2019_08_Steinecker_CL-017-1.jpg 2000w\" sizes=\"(max-width: 800px) 100vw, 800px\" \/>                                  <div class=\"overlay fill\"\n                      style=\"background-color: rgba(0,0,0,.15)\">\n                  <\/div>\n                                                              <\/div>\n              <div class=\"box-text text-left dark\" >\n                 <p><\/p>\n              <\/div>\n            <\/div>\n            <\/a>          <\/div>\n         <\/div><div class=\"gallery-col col grid-col grid-col-1-3 large-6 medium-12\" >\n          <div class=\"col-inner\">\n            <a class=\"image-lightbox lightbox-gallery\" href=\"https:\/\/www.steinecker.at\/fashion\/wp-content\/uploads\/2017\/02\/2019_08_Steinecker_CL-016-1.jpg\" title=\"\">            <div class=\"box has-hover gallery-box box-overlay dark box-text-center\">\n              <div class=\"box-image\" >\n                <img decoding=\"async\" width=\"800\" height=\"533\" src=\"https:\/\/www.steinecker.at\/fashion\/wp-content\/uploads\/2017\/02\/2019_08_Steinecker_CL-016-1-800x533.jpg\" class=\"attachment-medium size-medium\" alt=\"\" ids=\"5767,5676,5773,5771,5770,5769,5763,5762,5761,5760,5759,5755,5753,5749,5744,5723,5719\" type=\"grid\" grid=\"13\" srcset=\"https:\/\/www.steinecker.at\/fashion\/wp-content\/uploads\/2017\/02\/2019_08_Steinecker_CL-016-1-800x533.jpg 800w, https:\/\/www.steinecker.at\/fashion\/wp-content\/uploads\/2017\/02\/2019_08_Steinecker_CL-016-1-600x400.jpg 600w, https:\/\/www.steinecker.at\/fashion\/wp-content\/uploads\/2017\/02\/2019_08_Steinecker_CL-016-1-768x512.jpg 768w, https:\/\/www.steinecker.at\/fashion\/wp-content\/uploads\/2017\/02\/2019_08_Steinecker_CL-016-1.jpg 1620w\" sizes=\"(max-width: 800px) 100vw, 800px\" \/>                                  <div class=\"overlay fill\"\n                      style=\"background-color: rgba(0,0,0,.15)\">\n                  <\/div>\n                                                              <\/div>\n              <div class=\"box-text text-left dark\" >\n                 <p><\/p>\n              <\/div>\n            <\/div>\n            <\/a>          <\/div>\n         <\/div><div class=\"gallery-col col grid-col grid-col-1-3 large-6 medium-12\" >\n          <div class=\"col-inner\">\n            <a class=\"image-lightbox lightbox-gallery\" href=\"https:\/\/www.steinecker.at\/fashion\/wp-content\/uploads\/2017\/02\/2019_08_Steinecker_CL-015-1.jpg\" title=\"\">            <div class=\"box has-hover gallery-box box-overlay dark box-text-center\">\n              <div class=\"box-image\" >\n                <img decoding=\"async\" width=\"800\" height=\"533\" src=\"https:\/\/www.steinecker.at\/fashion\/wp-content\/uploads\/2017\/02\/2019_08_Steinecker_CL-015-1-800x533.jpg\" class=\"attachment-medium size-medium\" alt=\"\" ids=\"5767,5676,5773,5771,5770,5769,5763,5762,5761,5760,5759,5755,5753,5749,5744,5723,5719\" type=\"grid\" grid=\"13\" srcset=\"https:\/\/www.steinecker.at\/fashion\/wp-content\/uploads\/2017\/02\/2019_08_Steinecker_CL-015-1-800x533.jpg 800w, https:\/\/www.steinecker.at\/fashion\/wp-content\/uploads\/2017\/02\/2019_08_Steinecker_CL-015-1-600x400.jpg 600w, https:\/\/www.steinecker.at\/fashion\/wp-content\/uploads\/2017\/02\/2019_08_Steinecker_CL-015-1-768x512.jpg 768w, https:\/\/www.steinecker.at\/fashion\/wp-content\/uploads\/2017\/02\/2019_08_Steinecker_CL-015-1.jpg 2000w\" sizes=\"(max-width: 800px) 100vw, 800px\" \/>                                  <div class=\"overlay fill\"\n                      style=\"background-color: rgba(0,0,0,.15)\">\n                  <\/div>\n                                                              <\/div>\n              <div class=\"box-text text-left dark\" >\n                 <p><\/p>\n              <\/div>\n            <\/div>\n            <\/a>          <\/div>\n         <\/div><div class=\"gallery-col col grid-col grid-col-1-3 large-6 medium-12\" >\n          <div class=\"col-inner\">\n            <a class=\"image-lightbox lightbox-gallery\" href=\"https:\/\/www.steinecker.at\/fashion\/wp-content\/uploads\/2017\/02\/2019_08_Steinecker_CL-011-1.jpg\" title=\"\">            <div class=\"box has-hover gallery-box box-overlay dark box-text-center\">\n              <div class=\"box-image\" >\n                <img decoding=\"async\" width=\"533\" height=\"800\" src=\"https:\/\/www.steinecker.at\/fashion\/wp-content\/uploads\/2017\/02\/2019_08_Steinecker_CL-011-1-533x800.jpg\" class=\"attachment-medium size-medium\" alt=\"\" ids=\"5767,5676,5773,5771,5770,5769,5763,5762,5761,5760,5759,5755,5753,5749,5744,5723,5719\" type=\"grid\" grid=\"13\" srcset=\"https:\/\/www.steinecker.at\/fashion\/wp-content\/uploads\/2017\/02\/2019_08_Steinecker_CL-011-1-533x800.jpg 533w, https:\/\/www.steinecker.at\/fashion\/wp-content\/uploads\/2017\/02\/2019_08_Steinecker_CL-011-1-600x900.jpg 600w, https:\/\/www.steinecker.at\/fashion\/wp-content\/uploads\/2017\/02\/2019_08_Steinecker_CL-011-1-768x1152.jpg 768w, https:\/\/www.steinecker.at\/fashion\/wp-content\/uploads\/2017\/02\/2019_08_Steinecker_CL-011-1.jpg 1080w\" sizes=\"(max-width: 533px) 100vw, 533px\" \/>                                  <div class=\"overlay fill\"\n                      style=\"background-color: rgba(0,0,0,.15)\">\n                  <\/div>\n                                                              <\/div>\n              <div class=\"box-text text-left dark\" >\n                 <p><\/p>\n              <\/div>\n            <\/div>\n            <\/a>          <\/div>\n         <\/div><div class=\"gallery-col col grid-col grid-col-1-3 large-6 medium-12\" >\n          <div class=\"col-inner\">\n            <a class=\"image-lightbox lightbox-gallery\" href=\"https:\/\/www.steinecker.at\/fashion\/wp-content\/uploads\/2017\/02\/2019_08_Steinecker_CL-009-1.jpg\" title=\"\">            <div class=\"box has-hover gallery-box box-overlay dark box-text-center\">\n              <div class=\"box-image\" >\n                <img decoding=\"async\" width=\"800\" height=\"533\" src=\"https:\/\/www.steinecker.at\/fashion\/wp-content\/uploads\/2017\/02\/2019_08_Steinecker_CL-009-1-800x533.jpg\" class=\"attachment-medium size-medium\" alt=\"\" ids=\"5767,5676,5773,5771,5770,5769,5763,5762,5761,5760,5759,5755,5753,5749,5744,5723,5719\" type=\"grid\" grid=\"13\" srcset=\"https:\/\/www.steinecker.at\/fashion\/wp-content\/uploads\/2017\/02\/2019_08_Steinecker_CL-009-1-800x533.jpg 800w, https:\/\/www.steinecker.at\/fashion\/wp-content\/uploads\/2017\/02\/2019_08_Steinecker_CL-009-1-600x400.jpg 600w, https:\/\/www.steinecker.at\/fashion\/wp-content\/uploads\/2017\/02\/2019_08_Steinecker_CL-009-1-768x512.jpg 768w, https:\/\/www.steinecker.at\/fashion\/wp-content\/uploads\/2017\/02\/2019_08_Steinecker_CL-009-1.jpg 1620w\" sizes=\"(max-width: 800px) 100vw, 800px\" \/>                                  <div class=\"overlay fill\"\n                      style=\"background-color: rgba(0,0,0,.15)\">\n                  <\/div>\n                                                              <\/div>\n              <div class=\"box-text text-left dark\" >\n                 <p><\/p>\n              <\/div>\n            <\/div>\n            <\/a>          <\/div>\n         <\/div><div class=\"gallery-col col grid-col grid-col-1-3 large-6 medium-12\" >\n          <div class=\"col-inner\">\n            <a class=\"image-lightbox lightbox-gallery\" href=\"https:\/\/www.steinecker.at\/fashion\/wp-content\/uploads\/2017\/02\/2019_08_Steinecker_CL-005-1.jpg\" title=\"\">            <div class=\"box has-hover gallery-box box-overlay dark box-text-center\">\n              <div class=\"box-image\" >\n                <img decoding=\"async\" width=\"533\" height=\"800\" src=\"https:\/\/www.steinecker.at\/fashion\/wp-content\/uploads\/2017\/02\/2019_08_Steinecker_CL-005-1-533x800.jpg\" class=\"attachment-medium size-medium\" alt=\"\" ids=\"5767,5676,5773,5771,5770,5769,5763,5762,5761,5760,5759,5755,5753,5749,5744,5723,5719\" type=\"grid\" grid=\"13\" srcset=\"https:\/\/www.steinecker.at\/fashion\/wp-content\/uploads\/2017\/02\/2019_08_Steinecker_CL-005-1-533x800.jpg 533w, https:\/\/www.steinecker.at\/fashion\/wp-content\/uploads\/2017\/02\/2019_08_Steinecker_CL-005-1-600x900.jpg 600w, https:\/\/www.steinecker.at\/fashion\/wp-content\/uploads\/2017\/02\/2019_08_Steinecker_CL-005-1-768x1152.jpg 768w, https:\/\/www.steinecker.at\/fashion\/wp-content\/uploads\/2017\/02\/2019_08_Steinecker_CL-005-1.jpg 1080w\" sizes=\"(max-width: 533px) 100vw, 533px\" \/>                                  <div class=\"overlay fill\"\n                      style=\"background-color: rgba(0,0,0,.15)\">\n                  <\/div>\n                                                              <\/div>\n              <div class=\"box-text text-left dark\" >\n                 <p><\/p>\n              <\/div>\n            <\/div>\n            <\/a>          <\/div>\n         <\/div><div class=\"gallery-col col grid-col grid-col-1-3 large-6 medium-12\" >\n          <div class=\"col-inner\">\n            <a class=\"image-lightbox lightbox-gallery\" href=\"https:\/\/www.steinecker.at\/fashion\/wp-content\/uploads\/2017\/02\/IMG_6621-1.jpg\" title=\"\">            <div class=\"box has-hover gallery-box box-overlay dark box-text-center\">\n              <div class=\"box-image\" >\n                <img decoding=\"async\" width=\"800\" height=\"533\" src=\"https:\/\/www.steinecker.at\/fashion\/wp-content\/uploads\/2017\/02\/IMG_6621-1-800x533.jpg\" class=\"attachment-medium size-medium\" alt=\"\" ids=\"5767,5676,5773,5771,5770,5769,5763,5762,5761,5760,5759,5755,5753,5749,5744,5723,5719\" type=\"grid\" grid=\"13\" srcset=\"https:\/\/www.steinecker.at\/fashion\/wp-content\/uploads\/2017\/02\/IMG_6621-1-800x533.jpg 800w, https:\/\/www.steinecker.at\/fashion\/wp-content\/uploads\/2017\/02\/IMG_6621-1-600x400.jpg 600w, https:\/\/www.steinecker.at\/fashion\/wp-content\/uploads\/2017\/02\/IMG_6621-1-768x512.jpg 768w, https:\/\/www.steinecker.at\/fashion\/wp-content\/uploads\/2017\/02\/IMG_6621-1.jpg 1620w\" sizes=\"(max-width: 800px) 100vw, 800px\" \/>                                  <div class=\"overlay fill\"\n                      style=\"background-color: rgba(0,0,0,.15)\">\n                  <\/div>\n                                                              <\/div>\n              <div class=\"box-text text-left dark\" >\n                 <p><\/p>\n              <\/div>\n            <\/div>\n            <\/a>          <\/div>\n         <\/div><div class=\"gallery-col col grid-col grid-col-1-3 large-6 medium-12\" >\n          <div class=\"col-inner\">\n            <a class=\"image-lightbox lightbox-gallery\" href=\"https:\/\/www.steinecker.at\/fashion\/wp-content\/uploads\/2017\/02\/IMG_6604.jpg\" title=\"\">            <div class=\"box has-hover gallery-box box-overlay dark box-text-center\">\n              <div class=\"box-image\" >\n                <img decoding=\"async\" width=\"800\" height=\"533\" src=\"https:\/\/www.steinecker.at\/fashion\/wp-content\/uploads\/2017\/02\/IMG_6604-800x533.jpg\" class=\"attachment-medium size-medium\" alt=\"\" ids=\"5767,5676,5773,5771,5770,5769,5763,5762,5761,5760,5759,5755,5753,5749,5744,5723,5719\" type=\"grid\" grid=\"13\" srcset=\"https:\/\/www.steinecker.at\/fashion\/wp-content\/uploads\/2017\/02\/IMG_6604-800x533.jpg 800w, https:\/\/www.steinecker.at\/fashion\/wp-content\/uploads\/2017\/02\/IMG_6604-600x400.jpg 600w, https:\/\/www.steinecker.at\/fashion\/wp-content\/uploads\/2017\/02\/IMG_6604-768x512.jpg 768w, https:\/\/www.steinecker.at\/fashion\/wp-content\/uploads\/2017\/02\/IMG_6604.jpg 1620w\" sizes=\"(max-width: 800px) 100vw, 800px\" \/>                                  <div class=\"overlay fill\"\n                      style=\"background-color: rgba(0,0,0,.15)\">\n                  <\/div>\n                                                              <\/div>\n              <div class=\"box-text text-left dark\" >\n                 <p><\/p>\n              <\/div>\n            <\/div>\n            <\/a>          <\/div>\n         <\/div><div class=\"gallery-col col grid-col grid-col-1-3 large-6 medium-12\" >\n          <div class=\"col-inner\">\n            <a class=\"image-lightbox lightbox-gallery\" href=\"https:\/\/www.steinecker.at\/fashion\/wp-content\/uploads\/2017\/02\/2019_08_Steinecker_CL-046.jpg\" title=\"\">            <div class=\"box has-hover gallery-box box-overlay dark box-text-center\">\n              <div class=\"box-image\" >\n                <img decoding=\"async\" width=\"533\" height=\"800\" src=\"https:\/\/www.steinecker.at\/fashion\/wp-content\/uploads\/2017\/02\/2019_08_Steinecker_CL-046-533x800.jpg\" class=\"attachment-medium size-medium\" alt=\"\" ids=\"5767,5676,5773,5771,5770,5769,5763,5762,5761,5760,5759,5755,5753,5749,5744,5723,5719\" type=\"grid\" grid=\"13\" srcset=\"https:\/\/www.steinecker.at\/fashion\/wp-content\/uploads\/2017\/02\/2019_08_Steinecker_CL-046-533x800.jpg 533w, https:\/\/www.steinecker.at\/fashion\/wp-content\/uploads\/2017\/02\/2019_08_Steinecker_CL-046-600x900.jpg 600w, https:\/\/www.steinecker.at\/fashion\/wp-content\/uploads\/2017\/02\/2019_08_Steinecker_CL-046-768x1152.jpg 768w, https:\/\/www.steinecker.at\/fashion\/wp-content\/uploads\/2017\/02\/2019_08_Steinecker_CL-046.jpg 1080w\" sizes=\"(max-width: 533px) 100vw, 533px\" \/>                                  <div class=\"overlay fill\"\n                      style=\"background-color: rgba(0,0,0,.15)\">\n                  <\/div>\n                                                              <\/div>\n              <div class=\"box-text text-left dark\" >\n                 <p><\/p>\n              <\/div>\n            <\/div>\n            <\/a>          <\/div>\n         <\/div><\/div>\n\n\t<section class=\"section\" id=\"section_844691255\">\n\t\t<div class=\"section-bg fill\" >\n\t\t\t\t\t\t\t\t\t\n\t\t\t\n\t<div class=\"is-border\"\n\t\tstyle=\"border-color:rgb(236, 236, 236);border-width:1px 1px 1px 1px;margin:0px 0px 20px 0px;\">\n\t<\/div>\n\n\t\t<\/div>\n\n\t\t\n\n\t\t<div class=\"section-content relative\">\n\t\t\t\n<h3>DAMEN MARKENMODE bei Steinecker in Krems<\/h3>\n<p>BARTS &#8211; BRAX &#8211; BETTY &amp; CO &#8211; BETTY BARCLAY &#8211; BLUE FIRE &#8211; BOSS &#8211; CAMBIO &#8211; COMMA &#8211; DRYKORN &#8211; FFC &#8211; CATNOIR &#8211; GIL BRET &#8211; GUESS &#8211; GUESS BAGS &#8211; HAPPY SOCKS &#8211; HUGO &#8211; JOOP! &#8211; FRANK WALDER &#8211; FUCHS &amp; SCHMITT &#8211; KONTATTO &#8211; LA FEE MARABOUTEE &#8211; LEBEK &#8211; LESLII &#8211; LIEBLINGSST\u00dcCK &#8211; MAC &#8211; MILANO ITALY &#8211; MONARI &#8211; MANY MORNINGS &#8211; MARC O\u2019POLO &#8211; MILESTONE &#8211; MONARI &#8211; MOS MOSH &#8211; MSCH COPENHAGEN &#8211; OPUS &#8211; OU\u00cd &#8211; PEPE JEANS &#8211; RABE &#8211; RAPHAELA BRAX &#8211; RICHROYAL &#8211; REPLAY &#8211; RINO PELLE &#8211; S. OLIVER &#8211; SMITH &amp; SOUL &#8211; SOMEDAY &#8211; SPOSA TOSCANA &#8211; SWING &#8211; TAMARIS &#8211; TOMMY HILFIGER &#8211; UNIQUE &#8211; VERA MONT &#8211; YAYA<\/p>\n<h3>HERREN MARKENMODE bei Steinecker in Krems<\/h3>\n<p>ALBERTO &#8211; ARMANI EXCHANGE &#8211; BARTS &#8211; BENVENUTO &#8211; BLUE INDUSTRY &#8211; BOSS ORANGE &#8211; BRAX &#8211; BUGATTI &#8211; CALAMAR &#8211; CARL GROSS &#8211; CHASIN &#8211; CINQUE &#8211; COLMAR &#8211; D\u2019ROYCE &#8211; DANIEL HECHTER &#8211; DESOTO &#8211; DIGEL &#8211; DIGEL SCHUHE &#8211; DRYKORN &#8211; EUREX &#8211; FYNCH HATTON &#8211; GABBA &#8211; HUGO BOSS &#8211; JOOP! &#8211; LINDENMANN &#8211; MAC &#8211; MARC O\u2019POLO &#8211; MASON\u2019S &#8211; MILESTONE &#8211; MULISH &#8211; OLYMP &#8211; PEPE JEANS &#8211; RAGMAN &#8211; REPLAY &#8211; RESET &#8211; ROY ROBSON &#8211; SCOTCH &amp; SODA &#8211; EUREX &#8211; FYNCH HATTON &#8211; GABBA &#8211; SELECTED &#8211; SEIDENSTICKER &#8211; STRIESSNIG &#8211; ZUITABLE &#8211; TOMMY HILFIGER<\/p>\n\t\t<\/div>\n\n\t\t\n<style>\n#section_844691255 {\n  padding-top: 20px;\n  padding-bottom: 20px;\n  margin-bottom: 10px;\n}\n<\/style>\n\t<\/section>\n\t\n","protected":false},"excerpt":{"rendered":"<p>Steinecker Krems Ob Ballnacht, Gala, Abschlussfeier oder einfach ein besonderer Moment \u2013 bei Steinecker in Krems finden Sie die passende Mode f\u00fcr jeden Anlass. Von eleganten Ballkleidern und Abendlooks, top modernen Anz\u00fcgen bis hin zu angesagter Markenmode f\u00fcr Damen und Herren \u2013 wir bringen Stil in Ihren Kleiderschrank. Pers\u00f6nliche Beratung, ehrliches Styling und unsere hauseigene [&#8230;]\n","protected":false},"author":1,"featured_media":8113,"comment_status":"closed","ping_status":"closed","sticky":false,"template":"","format":"standard","meta":{"footnotes":""},"categories":[25],"tags":[30,34,31,13,27,36,14],"class_list":["post-3464","post","type-post","status-publish","format-standard","has-post-thumbnail","hentry","category-fashion-filialen-steinecker","tag-abendmode","tag-anlassmode","tag-ballkleider","tag-fashion","tag-filiale","tag-krems","tag-mode"],"yoast_head":"<!-- This site is optimized with the Yoast SEO plugin v27.3 - https:\/\/yoast.com\/product\/yoast-seo-wordpress\/ -->\n<title>Steinecker Krems - Markenmode f\u00fcr Damen &amp; Herren - Ballkleider<\/title>\n<meta name=\"description\" content=\"Ballkleider, Abendmode, Markenmode f\u00fcr Damen und Herren - Mode f\u00fcr jeden Anlass bei Steinecker in Krems. Hauseigene Schneiderei.\" \/>\n<meta name=\"robots\" content=\"index, follow, max-snippet:-1, max-image-preview:large, max-video-preview:-1\" \/>\n<link rel=\"canonical\" href=\"https:\/\/www.steinecker.at\/fashion\/krems\/\" \/>\n<meta property=\"og:locale\" content=\"de_DE\" \/>\n<meta property=\"og:type\" content=\"article\" \/>\n<meta property=\"og:title\" content=\"Steinecker Krems - Markenmode f\u00fcr Damen &amp; Herren - Ballkleider\" \/>\n<meta property=\"og:description\" content=\"Ballkleider, Abendmode, Markenmode f\u00fcr Damen und Herren - Mode f\u00fcr jeden Anlass bei Steinecker in Krems. Hauseigene Schneiderei.\" \/>\n<meta property=\"og:url\" content=\"https:\/\/www.steinecker.at\/fashion\/krems\/\" \/>\n<meta property=\"og:site_name\" content=\"Steinecker Fashion - Markenmode - Abendmode\" \/>\n<meta property=\"article:publisher\" content=\"https:\/\/www.facebook.com\/steinecker.fashion\" \/>\n<meta property=\"article:published_time\" content=\"2025-06-04T05:02:22+00:00\" \/>\n<meta property=\"article:modified_time\" content=\"2026-03-02T07:15:16+00:00\" \/>\n<meta property=\"og:image\" content=\"https:\/\/www.steinecker.at\/fashion\/wp-content\/uploads\/2023\/05\/steinecker-krems-eingang.jpg\" \/>\n\t<meta property=\"og:image:width\" content=\"882\" \/>\n\t<meta property=\"og:image:height\" content=\"549\" \/>\n\t<meta property=\"og:image:type\" content=\"image\/jpeg\" \/>\n<meta name=\"author\" content=\"Frankie\" \/>\n<meta name=\"twitter:card\" content=\"summary_large_image\" \/>\n<meta name=\"twitter:label1\" content=\"Verfasst von\" \/>\n\t<meta name=\"twitter:data1\" content=\"Frankie\" \/>\n\t<meta name=\"twitter:label2\" content=\"Gesch\u00e4tzte Lesezeit\" \/>\n\t<meta name=\"twitter:data2\" content=\"2\u00a0Minuten\" \/>\n<script type=\"application\/ld+json\" class=\"yoast-schema-graph\">{\"@context\":\"https:\\\/\\\/schema.org\",\"@graph\":[{\"@type\":\"Article\",\"@id\":\"https:\\\/\\\/www.steinecker.at\\\/fashion\\\/krems\\\/#article\",\"isPartOf\":{\"@id\":\"https:\\\/\\\/www.steinecker.at\\\/fashion\\\/krems\\\/\"},\"author\":{\"name\":\"Frankie\",\"@id\":\"https:\\\/\\\/www.steinecker.at\\\/fashion\\\/#\\\/schema\\\/person\\\/40be98c9ba5df4fdb78c7f5e6015f8d3\"},\"headline\":\"Krems\",\"datePublished\":\"2025-06-04T05:02:22+00:00\",\"dateModified\":\"2026-03-02T07:15:16+00:00\",\"mainEntityOfPage\":{\"@id\":\"https:\\\/\\\/www.steinecker.at\\\/fashion\\\/krems\\\/\"},\"wordCount\":401,\"image\":{\"@id\":\"https:\\\/\\\/www.steinecker.at\\\/fashion\\\/krems\\\/#primaryimage\"},\"thumbnailUrl\":\"https:\\\/\\\/www.steinecker.at\\\/fashion\\\/wp-content\\\/uploads\\\/2023\\\/05\\\/steinecker-krems-eingang.jpg\",\"keywords\":[\"Abendmode\",\"Anlassmode\",\"Ballkleider\",\"Fashion\",\"Filiale\",\"Krems\",\"Mode\"],\"articleSection\":[\"Fashion Filialen\"],\"inLanguage\":\"de\"},{\"@type\":\"WebPage\",\"@id\":\"https:\\\/\\\/www.steinecker.at\\\/fashion\\\/krems\\\/\",\"url\":\"https:\\\/\\\/www.steinecker.at\\\/fashion\\\/krems\\\/\",\"name\":\"Steinecker Krems - Markenmode f\u00fcr Damen & Herren - Ballkleider\",\"isPartOf\":{\"@id\":\"https:\\\/\\\/www.steinecker.at\\\/fashion\\\/#website\"},\"primaryImageOfPage\":{\"@id\":\"https:\\\/\\\/www.steinecker.at\\\/fashion\\\/krems\\\/#primaryimage\"},\"image\":{\"@id\":\"https:\\\/\\\/www.steinecker.at\\\/fashion\\\/krems\\\/#primaryimage\"},\"thumbnailUrl\":\"https:\\\/\\\/www.steinecker.at\\\/fashion\\\/wp-content\\\/uploads\\\/2023\\\/05\\\/steinecker-krems-eingang.jpg\",\"datePublished\":\"2025-06-04T05:02:22+00:00\",\"dateModified\":\"2026-03-02T07:15:16+00:00\",\"author\":{\"@id\":\"https:\\\/\\\/www.steinecker.at\\\/fashion\\\/#\\\/schema\\\/person\\\/40be98c9ba5df4fdb78c7f5e6015f8d3\"},\"description\":\"Ballkleider, Abendmode, Markenmode f\u00fcr Damen und Herren - Mode f\u00fcr jeden Anlass bei Steinecker in Krems. Hauseigene Schneiderei.\",\"breadcrumb\":{\"@id\":\"https:\\\/\\\/www.steinecker.at\\\/fashion\\\/krems\\\/#breadcrumb\"},\"inLanguage\":\"de\",\"potentialAction\":[{\"@type\":\"ReadAction\",\"target\":[\"https:\\\/\\\/www.steinecker.at\\\/fashion\\\/krems\\\/\"]}]},{\"@type\":\"ImageObject\",\"inLanguage\":\"de\",\"@id\":\"https:\\\/\\\/www.steinecker.at\\\/fashion\\\/krems\\\/#primaryimage\",\"url\":\"https:\\\/\\\/www.steinecker.at\\\/fashion\\\/wp-content\\\/uploads\\\/2023\\\/05\\\/steinecker-krems-eingang.jpg\",\"contentUrl\":\"https:\\\/\\\/www.steinecker.at\\\/fashion\\\/wp-content\\\/uploads\\\/2023\\\/05\\\/steinecker-krems-eingang.jpg\",\"width\":882,\"height\":549},{\"@type\":\"BreadcrumbList\",\"@id\":\"https:\\\/\\\/www.steinecker.at\\\/fashion\\\/krems\\\/#breadcrumb\",\"itemListElement\":[{\"@type\":\"ListItem\",\"position\":1,\"name\":\"Startseite\",\"item\":\"https:\\\/\\\/www.steinecker.at\\\/fashion\\\/\"},{\"@type\":\"ListItem\",\"position\":2,\"name\":\"Krems\"}]},{\"@type\":\"WebSite\",\"@id\":\"https:\\\/\\\/www.steinecker.at\\\/fashion\\\/#website\",\"url\":\"https:\\\/\\\/www.steinecker.at\\\/fashion\\\/\",\"name\":\"Steinecker Fashion - Markenmode - Abendmode\",\"description\":\"Markenmode und die sch\u00f6nsten Abendmode Trends f\u00fcr SIE und IHN\",\"potentialAction\":[{\"@type\":\"SearchAction\",\"target\":{\"@type\":\"EntryPoint\",\"urlTemplate\":\"https:\\\/\\\/www.steinecker.at\\\/fashion\\\/?s={search_term_string}\"},\"query-input\":{\"@type\":\"PropertyValueSpecification\",\"valueRequired\":true,\"valueName\":\"search_term_string\"}}],\"inLanguage\":\"de\"},{\"@type\":\"Person\",\"@id\":\"https:\\\/\\\/www.steinecker.at\\\/fashion\\\/#\\\/schema\\\/person\\\/40be98c9ba5df4fdb78c7f5e6015f8d3\",\"name\":\"Frankie\"}]}<\/script>\n<!-- \/ Yoast SEO plugin. -->","yoast_head_json":{"title":"Steinecker Krems - Markenmode f\u00fcr Damen & Herren - Ballkleider","description":"Ballkleider, Abendmode, Markenmode f\u00fcr Damen und Herren - Mode f\u00fcr jeden Anlass bei Steinecker in Krems. Hauseigene Schneiderei.","robots":{"index":"index","follow":"follow","max-snippet":"max-snippet:-1","max-image-preview":"max-image-preview:large","max-video-preview":"max-video-preview:-1"},"canonical":"https:\/\/www.steinecker.at\/fashion\/krems\/","og_locale":"de_DE","og_type":"article","og_title":"Steinecker Krems - Markenmode f\u00fcr Damen & Herren - Ballkleider","og_description":"Ballkleider, Abendmode, Markenmode f\u00fcr Damen und Herren - Mode f\u00fcr jeden Anlass bei Steinecker in Krems. Hauseigene Schneiderei.","og_url":"https:\/\/www.steinecker.at\/fashion\/krems\/","og_site_name":"Steinecker Fashion - Markenmode - Abendmode","article_publisher":"https:\/\/www.facebook.com\/steinecker.fashion","article_published_time":"2025-06-04T05:02:22+00:00","article_modified_time":"2026-03-02T07:15:16+00:00","og_image":[{"width":882,"height":549,"url":"https:\/\/www.steinecker.at\/fashion\/wp-content\/uploads\/2023\/05\/steinecker-krems-eingang.jpg","type":"image\/jpeg"}],"author":"Frankie","twitter_card":"summary_large_image","twitter_misc":{"Verfasst von":"Frankie","Gesch\u00e4tzte Lesezeit":"2\u00a0Minuten"},"schema":{"@context":"https:\/\/schema.org","@graph":[{"@type":"Article","@id":"https:\/\/www.steinecker.at\/fashion\/krems\/#article","isPartOf":{"@id":"https:\/\/www.steinecker.at\/fashion\/krems\/"},"author":{"name":"Frankie","@id":"https:\/\/www.steinecker.at\/fashion\/#\/schema\/person\/40be98c9ba5df4fdb78c7f5e6015f8d3"},"headline":"Krems","datePublished":"2025-06-04T05:02:22+00:00","dateModified":"2026-03-02T07:15:16+00:00","mainEntityOfPage":{"@id":"https:\/\/www.steinecker.at\/fashion\/krems\/"},"wordCount":401,"image":{"@id":"https:\/\/www.steinecker.at\/fashion\/krems\/#primaryimage"},"thumbnailUrl":"https:\/\/www.steinecker.at\/fashion\/wp-content\/uploads\/2023\/05\/steinecker-krems-eingang.jpg","keywords":["Abendmode","Anlassmode","Ballkleider","Fashion","Filiale","Krems","Mode"],"articleSection":["Fashion Filialen"],"inLanguage":"de"},{"@type":"WebPage","@id":"https:\/\/www.steinecker.at\/fashion\/krems\/","url":"https:\/\/www.steinecker.at\/fashion\/krems\/","name":"Steinecker Krems - Markenmode f\u00fcr Damen & Herren - Ballkleider","isPartOf":{"@id":"https:\/\/www.steinecker.at\/fashion\/#website"},"primaryImageOfPage":{"@id":"https:\/\/www.steinecker.at\/fashion\/krems\/#primaryimage"},"image":{"@id":"https:\/\/www.steinecker.at\/fashion\/krems\/#primaryimage"},"thumbnailUrl":"https:\/\/www.steinecker.at\/fashion\/wp-content\/uploads\/2023\/05\/steinecker-krems-eingang.jpg","datePublished":"2025-06-04T05:02:22+00:00","dateModified":"2026-03-02T07:15:16+00:00","author":{"@id":"https:\/\/www.steinecker.at\/fashion\/#\/schema\/person\/40be98c9ba5df4fdb78c7f5e6015f8d3"},"description":"Ballkleider, Abendmode, Markenmode f\u00fcr Damen und Herren - Mode f\u00fcr jeden Anlass bei Steinecker in Krems. Hauseigene Schneiderei.","breadcrumb":{"@id":"https:\/\/www.steinecker.at\/fashion\/krems\/#breadcrumb"},"inLanguage":"de","potentialAction":[{"@type":"ReadAction","target":["https:\/\/www.steinecker.at\/fashion\/krems\/"]}]},{"@type":"ImageObject","inLanguage":"de","@id":"https:\/\/www.steinecker.at\/fashion\/krems\/#primaryimage","url":"https:\/\/www.steinecker.at\/fashion\/wp-content\/uploads\/2023\/05\/steinecker-krems-eingang.jpg","contentUrl":"https:\/\/www.steinecker.at\/fashion\/wp-content\/uploads\/2023\/05\/steinecker-krems-eingang.jpg","width":882,"height":549},{"@type":"BreadcrumbList","@id":"https:\/\/www.steinecker.at\/fashion\/krems\/#breadcrumb","itemListElement":[{"@type":"ListItem","position":1,"name":"Startseite","item":"https:\/\/www.steinecker.at\/fashion\/"},{"@type":"ListItem","position":2,"name":"Krems"}]},{"@type":"WebSite","@id":"https:\/\/www.steinecker.at\/fashion\/#website","url":"https:\/\/www.steinecker.at\/fashion\/","name":"Steinecker Fashion - Markenmode - Abendmode","description":"Markenmode und die sch\u00f6nsten Abendmode Trends f\u00fcr SIE und IHN","potentialAction":[{"@type":"SearchAction","target":{"@type":"EntryPoint","urlTemplate":"https:\/\/www.steinecker.at\/fashion\/?s={search_term_string}"},"query-input":{"@type":"PropertyValueSpecification","valueRequired":true,"valueName":"search_term_string"}}],"inLanguage":"de"},{"@type":"Person","@id":"https:\/\/www.steinecker.at\/fashion\/#\/schema\/person\/40be98c9ba5df4fdb78c7f5e6015f8d3","name":"Frankie"}]}},"_links":{"self":[{"href":"https:\/\/www.steinecker.at\/fashion\/wp-json\/wp\/v2\/posts\/3464","targetHints":{"allow":["GET"]}}],"collection":[{"href":"https:\/\/www.steinecker.at\/fashion\/wp-json\/wp\/v2\/posts"}],"about":[{"href":"https:\/\/www.steinecker.at\/fashion\/wp-json\/wp\/v2\/types\/post"}],"author":[{"embeddable":true,"href":"https:\/\/www.steinecker.at\/fashion\/wp-json\/wp\/v2\/users\/1"}],"replies":[{"embeddable":true,"href":"https:\/\/www.steinecker.at\/fashion\/wp-json\/wp\/v2\/comments?post=3464"}],"version-history":[{"count":64,"href":"https:\/\/www.steinecker.at\/fashion\/wp-json\/wp\/v2\/posts\/3464\/revisions"}],"predecessor-version":[{"id":9969,"href":"https:\/\/www.steinecker.at\/fashion\/wp-json\/wp\/v2\/posts\/3464\/revisions\/9969"}],"wp:featuredmedia":[{"embeddable":true,"href":"https:\/\/www.steinecker.at\/fashion\/wp-json\/wp\/v2\/media\/8113"}],"wp:attachment":[{"href":"https:\/\/www.steinecker.at\/fashion\/wp-json\/wp\/v2\/media?parent=3464"}],"wp:term":[{"taxonomy":"category","embeddable":true,"href":"https:\/\/www.steinecker.at\/fashion\/wp-json\/wp\/v2\/categories?post=3464"},{"taxonomy":"post_tag","embeddable":true,"href":"https:\/\/www.steinecker.at\/fashion\/wp-json\/wp\/v2\/tags?post=3464"}],"curies":[{"name":"wp","href":"https:\/\/api.w.org\/{rel}","templated":true}]}}